{"id":4604,"date":"2012-06-28T07:30:37","date_gmt":"2012-06-28T07:30:37","guid":{"rendered":"http:\/\/magenarquitectos.wordpress.com\/?p=4604"},"modified":"2021-06-17T10:07:45","modified_gmt":"2021-06-17T10:07:45","slug":"la-sede-de-la-comarca-del-bajo-martin-en-iw-magazine","status":"publish","type":"post","link":"https:\/\/magenarquitectos.com\/en\/la-sede-de-la-comarca-del-bajo-martin-en-iw-magazine\/","title":{"rendered":"La Sede de la Comarca del Bajo Mart\u00edn publicada en IW Magazine (Taiwan)"},"content":{"rendered":"<p>La Sede de la Comarca del Bajo Mart\u00edn, publicado en la la revista de arquitectura taiwanesa IW Magazine, n\u00famero 84.<\/p>\n<p>Taiwanese architectural publication &#8220;IW Magazine&#8221; features the Bajo Martin County Seat in its issue 84.<\/p>\n<p style=\"text-align: center;\"><a href=\"https:\/\/magenarquitectos.com\/wp-content\/uploads\/2021\/06\/dsc091921.jpg\"><img loading=\"lazy\" class=\"alignnone size-full wp-image-8284\" src=\"https:\/\/magenarquitectos.com\/wp-content\/uploads\/2021\/06\/dsc091921.jpg\" alt=\"dsc09192\" width=\"462\" height=\"351\" title=\"\"><\/a><\/p>\n","protected":false},"excerpt":{"rendered":"<p>La Sede de la Comarca del Bajo Mart\u00edn, publicado en la la revista de arquitectura taiwanesa IW Magazine, n\u00famero 84. Taiwanese architectural publication &#8220;IW Magazine&#8221; features the Bajo Martin County Seat in its issue 84.<\/p>\n","protected":false},"author":1,"featured_media":0,"comment_status":"open","ping_status":"open","sticky":false,"template":"","format":"standard","meta":{"_monsterinsights_skip_tracking":false,"_monsterinsights_sitenote_active":false,"_monsterinsights_sitenote_note":"","_monsterinsights_sitenote_category":0},"categories":[77,65,90],"tags":[100,101,102,103,89,104,191,105],"_links":{"self":[{"href":"https:\/\/magenarquitectos.com\/en\/wp-json\/wp\/v2\/posts\/4604"}],"collection":[{"href":"https:\/\/magenarquitectos.com\/en\/wp-json\/wp\/v2\/posts"}],"about":[{"href":"https:\/\/magenarquitectos.com\/en\/wp-json\/wp\/v2\/types\/post"}],"author":[{"embeddable":true,"href":"https:\/\/magenarquitectos.com\/en\/wp-json\/wp\/v2\/users\/1"}],"replies":[{"embeddable":true,"href":"https:\/\/magenarquitectos.com\/en\/wp-json\/wp\/v2\/comments?post=4604"}],"version-history":[{"count":1,"href":"https:\/\/magenarquitectos.com\/en\/wp-json\/wp\/v2\/posts\/4604\/revisions"}],"predecessor-version":[{"id":13407,"href":"https:\/\/magenarquitectos.com\/en\/wp-json\/wp\/v2\/posts\/4604\/revisions\/13407"}],"wp:attachment":[{"href":"https:\/\/magenarquitectos.com\/en\/wp-json\/wp\/v2\/media?parent=4604"}],"wp:term":[{"taxonomy":"category","embeddable":true,"href":"https:\/\/magenarquitectos.com\/en\/wp-json\/wp\/v2\/categories?post=4604"},{"taxonomy":"post_tag","embeddable":true,"href":"https:\/\/magenarquitectos.com\/en\/wp-json\/wp\/v2\/tags?post=4604"}],"curies":[{"name":"wp","href":"https:\/\/api.w.org\/{rel}","templated":true}]}}