{"id":486,"date":"2009-09-04T17:34:12","date_gmt":"2009-09-04T17:34:12","guid":{"rendered":"http:\/\/magenarquitectos.wordpress.com\/2009\/09\/04\/finalizan-las-obras-de-construccion-del-ceip-rosales-del-canal-en-zaragoza\/"},"modified":"2021-06-17T10:26:31","modified_gmt":"2021-06-17T10:26:31","slug":"finalizan-las-obras-de-construccion-del-ceip-rosales-del-canal-en-zaragoza","status":"publish","type":"post","link":"https:\/\/magenarquitectos.com\/en\/finalizan-las-obras-de-construccion-del-ceip-rosales-del-canal-en-zaragoza\/","title":{"rendered":"Finalizan las obras de construcci\u00f3n del CEIP &#8220;Rosales del Canal&#8221; en Zaragoza"},"content":{"rendered":"<p>Las obras de construcci\u00f3n del Centro de Educaci\u00f3n Infantil con Comedor dieron comienzo el 13 de Abril de 2009 y han tenido una duraci\u00f3n de cuatro meses y medio.<br \/>\nFinished construction works of the kindergarten &#8220;Rosales del Canal&#8221; in Zaragoza. They lasted four months and a half.<br \/>\n<img loading=\"lazy\" class=\"alignnone size-full wp-image-485\" title=\"DSC05867-rsc\" src=\"http:\/\/magenarquitectos.files.wordpress.com\/2009\/09\/dsc05867-rsc.jpg\" alt=\"DSC05867-rsc\" width=\"420\" height=\"315\" srcset=\"https:\/\/magenarquitectos.com\/wp-content\/uploads\/2009\/09\/dsc05867-rsc.jpg 850w, https:\/\/magenarquitectos.com\/wp-content\/uploads\/2009\/09\/dsc05867-rsc-300x225.jpg 300w, https:\/\/magenarquitectos.com\/wp-content\/uploads\/2009\/09\/dsc05867-rsc-768x576.jpg 768w\" sizes=\"(max-width: 420px) 100vw, 420px\" \/><\/p>\n","protected":false},"excerpt":{"rendered":"<p>Las obras de construcci\u00f3n del Centro de Educaci\u00f3n Infantil con Comedor dieron comienzo el 13 de Abril de 2009 y han tenido una duraci\u00f3n de cuatro meses y medio. Finished construction works of the kindergarten &#8220;Rosales del Canal&#8221; in Zaragoza. They lasted four months and a half.<\/p>\n","protected":false},"author":1,"featured_media":0,"comment_status":"open","ping_status":"open","sticky":false,"template":"","format":"standard","meta":{"_monsterinsights_skip_tracking":false,"_monsterinsights_sitenote_active":false,"_monsterinsights_sitenote_note":"","_monsterinsights_sitenote_category":0},"categories":[97,65,139],"tags":[134,80,140,141,142,143,74],"_links":{"self":[{"href":"https:\/\/magenarquitectos.com\/en\/wp-json\/wp\/v2\/posts\/486"}],"collection":[{"href":"https:\/\/magenarquitectos.com\/en\/wp-json\/wp\/v2\/posts"}],"about":[{"href":"https:\/\/magenarquitectos.com\/en\/wp-json\/wp\/v2\/types\/post"}],"author":[{"embeddable":true,"href":"https:\/\/magenarquitectos.com\/en\/wp-json\/wp\/v2\/users\/1"}],"replies":[{"embeddable":true,"href":"https:\/\/magenarquitectos.com\/en\/wp-json\/wp\/v2\/comments?post=486"}],"version-history":[{"count":1,"href":"https:\/\/magenarquitectos.com\/en\/wp-json\/wp\/v2\/posts\/486\/revisions"}],"predecessor-version":[{"id":13923,"href":"https:\/\/magenarquitectos.com\/en\/wp-json\/wp\/v2\/posts\/486\/revisions\/13923"}],"wp:attachment":[{"href":"https:\/\/magenarquitectos.com\/en\/wp-json\/wp\/v2\/media?parent=486"}],"wp:term":[{"taxonomy":"category","embeddable":true,"href":"https:\/\/magenarquitectos.com\/en\/wp-json\/wp\/v2\/categories?post=486"},{"taxonomy":"post_tag","embeddable":true,"href":"https:\/\/magenarquitectos.com\/en\/wp-json\/wp\/v2\/tags?post=486"}],"curies":[{"name":"wp","href":"https:\/\/api.w.org\/{rel}","templated":true}]}}