{"id":493,"date":"2009-09-09T15:59:32","date_gmt":"2009-09-09T15:59:32","guid":{"rendered":"http:\/\/magenarquitectos.wordpress.com\/2009\/09\/09\/video-construccion-del-centro-de-educacion-infantil-y-primaria-rosales-del-canal\/"},"modified":"2021-06-17T10:26:30","modified_gmt":"2021-06-17T10:26:30","slug":"video-construccion-del-centro-de-educacion-infantil-y-primaria-rosales-del-canal","status":"publish","type":"post","link":"https:\/\/magenarquitectos.com\/en\/video-construccion-del-centro-de-educacion-infantil-y-primaria-rosales-del-canal\/","title":{"rendered":"V\u00eddeo: Construcci\u00f3n del Centro de Educaci\u00f3n Infantil y Primaria &#8220;Rosales del Canal&#8221;"},"content":{"rendered":"<p>Montaje audiovisual de fotograf\u00edas de la obra.<\/p>\n<p>Audiovisual editing of the construction process.<\/p>\n<p>[youtube=http:\/\/www.youtube.com\/watch?v=CwoFvIqQ5wk]<\/p>\n","protected":false},"excerpt":{"rendered":"<p>Montaje audiovisual de fotograf\u00edas de la obra. Audiovisual editing of the construction process. [youtube=http:\/\/www.youtube.com\/watch?v=CwoFvIqQ5wk]<\/p>\n","protected":false},"author":1,"featured_media":0,"comment_status":"open","ping_status":"open","sticky":false,"template":"","format":"standard","meta":{"_monsterinsights_skip_tracking":false,"_monsterinsights_sitenote_active":false,"_monsterinsights_sitenote_note":"","_monsterinsights_sitenote_category":0},"categories":[97,65,139,146],"tags":[134,80,140,141,142,143,147,74],"_links":{"self":[{"href":"https:\/\/magenarquitectos.com\/en\/wp-json\/wp\/v2\/posts\/493"}],"collection":[{"href":"https:\/\/magenarquitectos.com\/en\/wp-json\/wp\/v2\/posts"}],"about":[{"href":"https:\/\/magenarquitectos.com\/en\/wp-json\/wp\/v2\/types\/post"}],"author":[{"embeddable":true,"href":"https:\/\/magenarquitectos.com\/en\/wp-json\/wp\/v2\/users\/1"}],"replies":[{"embeddable":true,"href":"https:\/\/magenarquitectos.com\/en\/wp-json\/wp\/v2\/comments?post=493"}],"version-history":[{"count":1,"href":"https:\/\/magenarquitectos.com\/en\/wp-json\/wp\/v2\/posts\/493\/revisions"}],"predecessor-version":[{"id":13921,"href":"https:\/\/magenarquitectos.com\/en\/wp-json\/wp\/v2\/posts\/493\/revisions\/13921"}],"wp:attachment":[{"href":"https:\/\/magenarquitectos.com\/en\/wp-json\/wp\/v2\/media?parent=493"}],"wp:term":[{"taxonomy":"category","embeddable":true,"href":"https:\/\/magenarquitectos.com\/en\/wp-json\/wp\/v2\/categories?post=493"},{"taxonomy":"post_tag","embeddable":true,"href":"https:\/\/magenarquitectos.com\/en\/wp-json\/wp\/v2\/tags?post=493"}],"curies":[{"name":"wp","href":"https:\/\/api.w.org\/{rel}","templated":true}]}}