{"id":495,"date":"2009-09-14T12:02:10","date_gmt":"2009-09-14T12:02:10","guid":{"rendered":"http:\/\/magenarquitectos.wordpress.com\/2009\/09\/14\/apertura-de-curso-del-ceip-rosales-del-canal-de-zaragoza\/"},"modified":"2021-06-17T10:26:30","modified_gmt":"2021-06-17T10:26:30","slug":"apertura-de-curso-del-ceip-rosales-del-canal-de-zaragoza","status":"publish","type":"post","link":"https:\/\/magenarquitectos.com\/en\/apertura-de-curso-del-ceip-rosales-del-canal-de-zaragoza\/","title":{"rendered":"El Presidente de Arag\u00f3n, Marcelino Iglesias, visita el colegio de Rosales del Canal"},"content":{"rendered":"<p style=\"text-align:center;\"><img loading=\"lazy\" class=\"alignnone size-full wp-image-509\" title=\"cap0000\" src=\"https:\/\/magenarquitectos.com\/wp-content\/uploads\/2021\/06\/cap000012.jpg\" alt=\"cap0000\" width=\"420\" height=\"312\" \/><\/p>\n<p>[youtube=http:\/\/www.youtube.com\/watch?v=Vyp0ZCOy6RU]<\/p>\n<p>El presidente del Gobierno de Arag\u00f3n, Marcelino Iglesias, acompa\u00f1ado por la consejera de Educaci\u00f3n, Cultura y Deporte, M\u00aa Victoria Broto, ha visitado el centro de Educaci\u00f3n Infantil &#8220;Rosales del Canal&#8221; de Zaragoza.<\/p>\n<p>President of the Government of Arag\u00f3n, accompanied by the Secretary of Education, Culture and Sport, M\u00aa Victoria Broto, visited the Kindergarten in Rosales del Canal in Zaragoza.<\/p>\n<p>Fuente: Arag\u00f3n Digital. http:\/\/www.aragondigital.es\/asp\/noticia.asp?notid=65553<\/p>\n","protected":false},"excerpt":{"rendered":"<p>[youtube=http:\/\/www.youtube.com\/watch?v=Vyp0ZCOy6RU] El presidente del Gobierno de Arag\u00f3n, Marcelino Iglesias, acompa\u00f1ado por la consejera de Educaci\u00f3n, Cultura y Deporte, M\u00aa Victoria Broto, ha visitado el centro de Educaci\u00f3n Infantil &#8220;Rosales del Canal&#8221; de Zaragoza. President of the Government of Arag\u00f3n, accompanied by the Secretary of Education, Culture and Sport, M\u00aa Victoria Broto, visited the Kindergarten in [&hellip;]<\/p>\n","protected":false},"author":1,"featured_media":0,"comment_status":"open","ping_status":"open","sticky":false,"template":"","format":"standard","meta":{"_monsterinsights_skip_tracking":false,"_monsterinsights_sitenote_active":false,"_monsterinsights_sitenote_note":"","_monsterinsights_sitenote_category":0},"categories":[65,139,146],"tags":[134,80,140,87,141,143,147,74],"_links":{"self":[{"href":"https:\/\/magenarquitectos.com\/en\/wp-json\/wp\/v2\/posts\/495"}],"collection":[{"href":"https:\/\/magenarquitectos.com\/en\/wp-json\/wp\/v2\/posts"}],"about":[{"href":"https:\/\/magenarquitectos.com\/en\/wp-json\/wp\/v2\/types\/post"}],"author":[{"embeddable":true,"href":"https:\/\/magenarquitectos.com\/en\/wp-json\/wp\/v2\/users\/1"}],"replies":[{"embeddable":true,"href":"https:\/\/magenarquitectos.com\/en\/wp-json\/wp\/v2\/comments?post=495"}],"version-history":[{"count":1,"href":"https:\/\/magenarquitectos.com\/en\/wp-json\/wp\/v2\/posts\/495\/revisions"}],"predecessor-version":[{"id":13920,"href":"https:\/\/magenarquitectos.com\/en\/wp-json\/wp\/v2\/posts\/495\/revisions\/13920"}],"wp:attachment":[{"href":"https:\/\/magenarquitectos.com\/en\/wp-json\/wp\/v2\/media?parent=495"}],"wp:term":[{"taxonomy":"category","embeddable":true,"href":"https:\/\/magenarquitectos.com\/en\/wp-json\/wp\/v2\/categories?post=495"},{"taxonomy":"post_tag","embeddable":true,"href":"https:\/\/magenarquitectos.com\/en\/wp-json\/wp\/v2\/tags?post=495"}],"curies":[{"name":"wp","href":"https:\/\/api.w.org\/{rel}","templated":true}]}}