{"id":5007,"date":"2012-09-25T09:42:55","date_gmt":"2012-09-25T09:42:55","guid":{"rendered":"http:\/\/magenarquitectos.wordpress.com\/?p=5007"},"modified":"2021-06-17T10:07:21","modified_gmt":"2021-06-17T10:07:21","slug":"arquitectos-en-espana-2011-2012","status":"publish","type":"post","link":"https:\/\/magenarquitectos.com\/en\/arquitectos-en-espana-2011-2012\/","title":{"rendered":"Arquitectos en Espa\u00f1a. 2011-2012."},"content":{"rendered":"<p><a href=\"https:\/\/magenarquitectos.com\/wp-content\/uploads\/2021\/06\/arq1112.jpg\"><img loading=\"lazy\" class=\"size-full wp-image-8241 aligncenter\" src=\"https:\/\/magenarquitectos.com\/wp-content\/uploads\/2021\/06\/arq1112.jpg\" alt=\"arq1112\" width=\"660\" height=\"454\" title=\"\"><\/a><\/p>\n<p>Noortia Editores publica el anuario de la Arquitectura en Espa\u00f1a 2011-2012. Del estudio Mag\u00e9n Arquitectos, se pueden encontrar los proyectos del Centro de Educaci\u00f3n Infantil Parque Goya, Centro Ambiental del Ebro, Sede de la Comarca del Bajo Mart\u00edn y Rehabilitaci\u00f3n de la Casa Julve en el Casco Hist\u00f3rico de Alca\u00f1iz.<\/p>\n<p>&nbsp;<\/p>\n","protected":false},"excerpt":{"rendered":"<p>Noortia Editores publica el anuario de la Arquitectura en Espa\u00f1a 2011-2012. Del estudio Mag\u00e9n Arquitectos, se pueden encontrar los proyectos del Centro de Educaci\u00f3n Infantil Parque Goya, Centro Ambiental del Ebro, Sede de la Comarca del Bajo Mart\u00edn y Rehabilitaci\u00f3n de la Casa Julve en el Casco Hist\u00f3rico de Alca\u00f1iz. &nbsp;<\/p>\n","protected":false},"author":1,"featured_media":0,"comment_status":"open","ping_status":"open","sticky":false,"template":"","format":"standard","meta":{"_monsterinsights_skip_tracking":false,"_monsterinsights_sitenote_active":false,"_monsterinsights_sitenote_note":"","_monsterinsights_sitenote_category":0},"categories":[90],"tags":[119,87],"_links":{"self":[{"href":"https:\/\/magenarquitectos.com\/en\/wp-json\/wp\/v2\/posts\/5007"}],"collection":[{"href":"https:\/\/magenarquitectos.com\/en\/wp-json\/wp\/v2\/posts"}],"about":[{"href":"https:\/\/magenarquitectos.com\/en\/wp-json\/wp\/v2\/types\/post"}],"author":[{"embeddable":true,"href":"https:\/\/magenarquitectos.com\/en\/wp-json\/wp\/v2\/users\/1"}],"replies":[{"embeddable":true,"href":"https:\/\/magenarquitectos.com\/en\/wp-json\/wp\/v2\/comments?post=5007"}],"version-history":[{"count":1,"href":"https:\/\/magenarquitectos.com\/en\/wp-json\/wp\/v2\/posts\/5007\/revisions"}],"predecessor-version":[{"id":13362,"href":"https:\/\/magenarquitectos.com\/en\/wp-json\/wp\/v2\/posts\/5007\/revisions\/13362"}],"wp:attachment":[{"href":"https:\/\/magenarquitectos.com\/en\/wp-json\/wp\/v2\/media?parent=5007"}],"wp:term":[{"taxonomy":"category","embeddable":true,"href":"https:\/\/magenarquitectos.com\/en\/wp-json\/wp\/v2\/categories?post=5007"},{"taxonomy":"post_tag","embeddable":true,"href":"https:\/\/magenarquitectos.com\/en\/wp-json\/wp\/v2\/tags?post=5007"}],"curies":[{"name":"wp","href":"https:\/\/api.w.org\/{rel}","templated":true}]}}