{"id":5027,"date":"2012-10-08T16:42:18","date_gmt":"2012-10-08T16:42:18","guid":{"rendered":"http:\/\/magenarquitectos.wordpress.com\/?p=5027"},"modified":"2021-06-17T10:07:20","modified_gmt":"2021-06-17T10:07:20","slug":"xxvii-ed-premio-coa-aragon-fernando-garcia-mercadal-accesit","status":"publish","type":"post","link":"https:\/\/magenarquitectos.com\/en\/xxvii-ed-premio-coa-aragon-fernando-garcia-mercadal-accesit\/","title":{"rendered":"XXVII Premio COA Arag\u00f3n &#8220;Fernando Garc\u00eda Mercadal&#8221;. Acc\u00e9sit"},"content":{"rendered":"<p><a href=\"https:\/\/magenarquitectos.com\/wp-content\/uploads\/2021\/06\/324.jpg\"><img loading=\"lazy\" class=\"size-full wp-image-8234 aligncenter\" src=\"https:\/\/magenarquitectos.com\/wp-content\/uploads\/2021\/06\/324.jpg\" alt=\"324\" width=\"660\" height=\"651\" title=\"\"><\/a><\/p>\n<p>La Sede de la Comarca del Bajo Mart\u00edn y Centro para el Desarrollo del Alabastro, en H\u00edjar (Teruel) ha obtenido el Acc\u00e9sit en la categor\u00eda de Edificaci\u00f3n y Equipamiento de Uso no Residencial en la XXVII edici\u00f3n del Premio Fernando Garc\u00eda Mercadal, organizado por el Colegio Oficial de Arquitectos de Arag\u00f3n.<\/p>\n<p>El jurado destac\u00f3 &#8220;La calidad de sus valores espaciales y su resoluci\u00f3n material que transmite una dignidad acorde con su uso institucional&#8221;.<\/p>\n<p>Bajo Martin County Seat has been awarded in the XXVII edition of Fernando Garcia Mercadal Award, by the Institute of Architects of Aragon. The Seathas received an Accesit in the Non-Housing Category.<\/p>\n<p>The jury highlighted &#8220;the spacial quality and the material solution to transmit a dignity according to its institutional use&#8221;.<\/p>\n","protected":false},"excerpt":{"rendered":"<p>La Sede de la Comarca del Bajo Mart\u00edn y Centro para el Desarrollo del Alabastro, en H\u00edjar (Teruel) ha obtenido el Acc\u00e9sit en la categor\u00eda de Edificaci\u00f3n y Equipamiento de Uso no Residencial en la XXVII edici\u00f3n del Premio Fernando Garc\u00eda Mercadal, organizado por el Colegio Oficial de Arquitectos de Arag\u00f3n. El jurado destac\u00f3 &#8220;La [&hellip;]<\/p>\n","protected":false},"author":1,"featured_media":0,"comment_status":"open","ping_status":"open","sticky":false,"template":"","format":"standard","meta":{"_monsterinsights_skip_tracking":false,"_monsterinsights_sitenote_active":false,"_monsterinsights_sitenote_note":"","_monsterinsights_sitenote_category":0},"categories":[77,65,113],"tags":[100,101,62,102,103,192,70,104,105],"_links":{"self":[{"href":"https:\/\/magenarquitectos.com\/en\/wp-json\/wp\/v2\/posts\/5027"}],"collection":[{"href":"https:\/\/magenarquitectos.com\/en\/wp-json\/wp\/v2\/posts"}],"about":[{"href":"https:\/\/magenarquitectos.com\/en\/wp-json\/wp\/v2\/types\/post"}],"author":[{"embeddable":true,"href":"https:\/\/magenarquitectos.com\/en\/wp-json\/wp\/v2\/users\/1"}],"replies":[{"embeddable":true,"href":"https:\/\/magenarquitectos.com\/en\/wp-json\/wp\/v2\/comments?post=5027"}],"version-history":[{"count":1,"href":"https:\/\/magenarquitectos.com\/en\/wp-json\/wp\/v2\/posts\/5027\/revisions"}],"predecessor-version":[{"id":13353,"href":"https:\/\/magenarquitectos.com\/en\/wp-json\/wp\/v2\/posts\/5027\/revisions\/13353"}],"wp:attachment":[{"href":"https:\/\/magenarquitectos.com\/en\/wp-json\/wp\/v2\/media?parent=5027"}],"wp:term":[{"taxonomy":"category","embeddable":true,"href":"https:\/\/magenarquitectos.com\/en\/wp-json\/wp\/v2\/categories?post=5027"},{"taxonomy":"post_tag","embeddable":true,"href":"https:\/\/magenarquitectos.com\/en\/wp-json\/wp\/v2\/tags?post=5027"}],"curies":[{"name":"wp","href":"https:\/\/api.w.org\/{rel}","templated":true}]}}