{"id":5105,"date":"2012-10-30T09:31:15","date_gmt":"2012-10-30T09:31:15","guid":{"rendered":"http:\/\/magenarquitectos.wordpress.com\/?p=5105"},"modified":"2021-06-17T10:07:19","modified_gmt":"2021-06-17T10:07:19","slug":"guia-de-estudios-de-arquitectura-de-espana-2012-2013","status":"publish","type":"post","link":"https:\/\/magenarquitectos.com\/en\/guia-de-estudios-de-arquitectura-de-espana-2012-2013\/","title":{"rendered":"Gu\u00eda de estudios de Arquitectura de Espa\u00f1a. 2012-2013."},"content":{"rendered":"<p><a href=\"https:\/\/magenarquitectos.com\/wp-content\/uploads\/2021\/06\/guia-promateriales-2012.jpg\"><img loading=\"lazy\" class=\"size-full wp-image-8222 aligncenter\" src=\"https:\/\/magenarquitectos.com\/wp-content\/uploads\/2021\/06\/guia-promateriales-2012.jpg\" alt=\"guia-promateriales-2012\" width=\"660\" height=\"471\" title=\"\"><\/a><\/p>\n<p>Mag\u00e9n Arquitectos,\u00a0 en la \u201cGu\u00eda de estudios de Arquitectura de Espa\u00f1a 2012-2013\u2033, publicada por Promateriales, entre una selecci\u00f3n de 350 estudios espa\u00f1oles.<\/p>\n<p>Mag\u00e9n Arquitectos\u00a0 published in\u00a0 &#8220;Guide of Spanish architectural studios 2012-2013&#8221;, by Promateriales.<\/p>\n","protected":false},"excerpt":{"rendered":"<p>Mag\u00e9n Arquitectos,\u00a0 en la \u201cGu\u00eda de estudios de Arquitectura de Espa\u00f1a 2012-2013\u2033, publicada por Promateriales, entre una selecci\u00f3n de 350 estudios espa\u00f1oles. Mag\u00e9n Arquitectos\u00a0 published in\u00a0 &#8220;Guide of Spanish architectural studios 2012-2013&#8221;, by Promateriales.<\/p>\n","protected":false},"author":1,"featured_media":0,"comment_status":"open","ping_status":"open","sticky":false,"template":"","format":"standard","meta":{"_monsterinsights_skip_tracking":false,"_monsterinsights_sitenote_active":false,"_monsterinsights_sitenote_note":"","_monsterinsights_sitenote_category":0},"categories":[90],"tags":[119,87],"_links":{"self":[{"href":"https:\/\/magenarquitectos.com\/en\/wp-json\/wp\/v2\/posts\/5105"}],"collection":[{"href":"https:\/\/magenarquitectos.com\/en\/wp-json\/wp\/v2\/posts"}],"about":[{"href":"https:\/\/magenarquitectos.com\/en\/wp-json\/wp\/v2\/types\/post"}],"author":[{"embeddable":true,"href":"https:\/\/magenarquitectos.com\/en\/wp-json\/wp\/v2\/users\/1"}],"replies":[{"embeddable":true,"href":"https:\/\/magenarquitectos.com\/en\/wp-json\/wp\/v2\/comments?post=5105"}],"version-history":[{"count":1,"href":"https:\/\/magenarquitectos.com\/en\/wp-json\/wp\/v2\/posts\/5105\/revisions"}],"predecessor-version":[{"id":13333,"href":"https:\/\/magenarquitectos.com\/en\/wp-json\/wp\/v2\/posts\/5105\/revisions\/13333"}],"wp:attachment":[{"href":"https:\/\/magenarquitectos.com\/en\/wp-json\/wp\/v2\/media?parent=5105"}],"wp:term":[{"taxonomy":"category","embeddable":true,"href":"https:\/\/magenarquitectos.com\/en\/wp-json\/wp\/v2\/categories?post=5105"},{"taxonomy":"post_tag","embeddable":true,"href":"https:\/\/magenarquitectos.com\/en\/wp-json\/wp\/v2\/tags?post=5105"}],"curies":[{"name":"wp","href":"https:\/\/api.w.org\/{rel}","templated":true}]}}