{"id":5111,"date":"2012-11-05T13:10:39","date_gmt":"2012-11-05T13:10:39","guid":{"rendered":"http:\/\/magenarquitectos.wordpress.com\/?p=5111"},"modified":"2022-02-02T16:17:56","modified_gmt":"2022-02-02T16:17:56","slug":"magen-arquitectos-2002-2012-presentacion-del-monografico-editado-por-biblioteca-tc","status":"publish","type":"post","link":"https:\/\/magenarquitectos.com\/en\/magen-arquitectos-2002-2012-presentacion-del-monografico-editado-por-biblioteca-tc\/","title":{"rendered":"&#8220;Mag\u00e9n Arquitectos: 2002-2012&#8221;, presentaci\u00f3n del monogr\u00e1fico editado por Biblioteca TC"},"content":{"rendered":"<p><a href=\"https:\/\/magenarquitectos.com\/wp-content\/uploads\/2021\/06\/tctarjeta.jpg\"><img loading=\"lazy\" class=\"size-full wp-image-8220 aligncenter\" src=\"https:\/\/magenarquitectos.com\/wp-content\/uploads\/2021\/06\/tctarjeta.jpg\" alt=\"tctarjeta\" width=\"660\" height=\"433\" title=\"\"><\/a><\/p>\n<div>El pr\u00f3ximo lunes 12 de Noviembre a las 20:00 horas tendr\u00e1 lugar en el Sal\u00f3n de Actos de la sede del Colegio Oficial de Arquitectos de Arag\u00f3n (C\/ San Voto, 7 \u2013 Zaragoza) la presentaci\u00f3n del n\u00famero monogr\u00e1fico de la serie Biblioteca TC: \u201cMag\u00e9n Arquitectos: arquitectura 2002-2012\u201d, editado por Biblioteca TC.<\/p>\n<div>La publicaci\u00f3n, prologada por Francisco Mangado, ofrece una visi\u00f3n general de la primera d\u00e9cada de producci\u00f3n del estudio a trav\u00e9s de los proyectos y obras m\u00e1s significativos y de los textos de Ll\u00e1tzer Moix y Jaime y Francisco J. Mag\u00e9n, que, junto con el pr\u00f3logo, aportan un contexto te\u00f3rico a la pr\u00e1ctica del estudio.<\/div>\n<\/div>\n<div>+info: <a href=\"https:\/\/www.tccuadernos.com\/monografias\/176-magen-arquitectos-arquitectura-2002-2012.html\" rel=\"nofollow noopener\" target=\"_blank\">https:\/\/www.tccuadernos.com\/monografias\/176-magen-arquitectos-arquitectura-2002-2012.html<\/a><\/div>\n<div>.<\/div>\n<div>Monograph &#8220;Mag\u00e9n Arquitectos: 2002-2012&#8221;, published by Biblioteca TC, will be presented next Monday, 12th November, at 8:00 pm, in Aragon Institute of Architects (C\/ San Voto, 7 \u2013 Zaragoza). The publication includes, besides projects and works, texts by Francisco Mangado, Ll\u00e1tzer Moix, y Jaime y Francisco J. Mag\u00e9n.<\/div>\n","protected":false},"excerpt":{"rendered":"<p>El pr\u00f3ximo lunes 12 de Noviembre a las 20:00 horas tendr\u00e1 lugar en el Sal\u00f3n de Actos de la sede del Colegio Oficial de Arquitectos de Arag\u00f3n (C\/ San Voto, 7 \u2013 Zaragoza) la presentaci\u00f3n del n\u00famero monogr\u00e1fico de la serie Biblioteca TC: \u201cMag\u00e9n Arquitectos: arquitectura 2002-2012\u201d, editado por Biblioteca TC. La publicaci\u00f3n, prologada por [&hellip;]<\/p>\n","protected":false},"author":1,"featured_media":0,"comment_status":"open","ping_status":"open","sticky":false,"template":"","format":"standard","meta":{"_monsterinsights_skip_tracking":false,"_monsterinsights_sitenote_active":false,"_monsterinsights_sitenote_note":"","_monsterinsights_sitenote_category":0},"categories":[86,175,75,76,77,78,97,65,66,67,139,132,69,125,113,90,92,95],"tags":[100,101,133,62,127,102,126,119,63,118,103,129,64,134,79,80,128,140,87,68,141,145,142,89,81,162,70,176,93,94,71,72,143,104,98,82,73,83,111,105,147,96,99,121,74],"_links":{"self":[{"href":"https:\/\/magenarquitectos.com\/en\/wp-json\/wp\/v2\/posts\/5111"}],"collection":[{"href":"https:\/\/magenarquitectos.com\/en\/wp-json\/wp\/v2\/posts"}],"about":[{"href":"https:\/\/magenarquitectos.com\/en\/wp-json\/wp\/v2\/types\/post"}],"author":[{"embeddable":true,"href":"https:\/\/magenarquitectos.com\/en\/wp-json\/wp\/v2\/users\/1"}],"replies":[{"embeddable":true,"href":"https:\/\/magenarquitectos.com\/en\/wp-json\/wp\/v2\/comments?post=5111"}],"version-history":[{"count":2,"href":"https:\/\/magenarquitectos.com\/en\/wp-json\/wp\/v2\/posts\/5111\/revisions"}],"predecessor-version":[{"id":14966,"href":"https:\/\/magenarquitectos.com\/en\/wp-json\/wp\/v2\/posts\/5111\/revisions\/14966"}],"wp:attachment":[{"href":"https:\/\/magenarquitectos.com\/en\/wp-json\/wp\/v2\/media?parent=5111"}],"wp:term":[{"taxonomy":"category","embeddable":true,"href":"https:\/\/magenarquitectos.com\/en\/wp-json\/wp\/v2\/categories?post=5111"},{"taxonomy":"post_tag","embeddable":true,"href":"https:\/\/magenarquitectos.com\/en\/wp-json\/wp\/v2\/tags?post=5111"}],"curies":[{"name":"wp","href":"https:\/\/api.w.org\/{rel}","templated":true}]}}