{"id":5143,"date":"2012-11-14T13:19:53","date_gmt":"2012-11-14T13:19:53","guid":{"rendered":"http:\/\/magenarquitectos.wordpress.com\/?p=5143"},"modified":"2021-06-17T10:07:18","modified_gmt":"2021-06-17T10:07:18","slug":"sobre-la-presentacion-del-monografico-tc-cronica-personal-y-agradecimientos","status":"publish","type":"post","link":"https:\/\/magenarquitectos.com\/en\/sobre-la-presentacion-del-monografico-tc-cronica-personal-y-agradecimientos\/","title":{"rendered":"Sobre la presentaci\u00f3n del monogr\u00e1fico TC: cr\u00f3nica personal y agradecimientos"},"content":{"rendered":"<p style=\"text-align: center;\"><a href=\"https:\/\/magenarquitectos.com\/wp-content\/uploads\/2021\/06\/img1011692sbn1.jpg\"><img loading=\"lazy\" class=\"alignnone size-full wp-image-8218\" src=\"https:\/\/magenarquitectos.com\/wp-content\/uploads\/2021\/06\/img1011692sbn1.jpg\" alt=\"img1011692sbn1\" width=\"290\" height=\"217\" title=\"\"><\/a><\/p>\n<p>El pasado lunes 12 de Noviembre nos acompa\u00f1aron numerosos amigos (arquitectos, promotores, constructores, jefes de obra, industriales, colaboradores, usuarios o habitantes, alumnos\u2026) que llenaron la sala de actos de la sede\u00a0del Colegio Oficial de Arquitectos de Arag\u00f3n en Zaragoza,\u00a0con motivo de la presentaci\u00f3n de la monograf\u00eda de la serie Biblioteca TC, de la editorial TC Cuadernos. dedicada a las obras y proyectos del estudio entre 2002 y 2012.<\/p>\n<p>El acto comenz\u00f3 con una breve\u00a0introducci\u00f3n a cargo\u00a0de Juan Carlos Cervero, vocal de la demarcaci\u00f3n de Zaragoza del COAA, que di\u00f3 paso a F\u00e9lix Arranz, como primer interviniente y conductor de la presentaci\u00f3n. F\u00e9lix contextualiz\u00f3 la publicaci\u00f3n en el marco de la arquitectura reciente y contempor\u00e1nea que se ha producido en o desde Arag\u00f3n, y ofreci\u00f3 un certero an\u00e1lisis cr\u00edtico comparativo entre el pr\u00f3logo de Francisco Mangado y el ep\u00edlogo de la monograf\u00eda, de\u00a0autor\u00eda propia, tratando de descifrar sus aparentes coincidencias.\u00a0Posteriormente, Ll\u00e1tzer Moix explic\u00f3 de manera sint\u00e9tica y brillante su relaci\u00f3n personal con Zaragoza, a trav\u00e9s de sus visitas a la Expo en 2008, y de alg\u00fan viaje posterior, en el que le acompa\u00f1amos.<\/p>\n<p>Adem\u00e1s de nuestras respectivas intervenciones, F\u00e9lix Arranz provoc\u00f3 -en el buen sentido de la palabra- la improvisada participaci\u00f3n\u00a0de algunos invitados como Basilio Tob\u00edas, Paco Pellicer, Ignacio Olalla, Paco Lacruz y Santiago Carroquino, todos ellos con palabras generosas acerca del contenido de la monograf\u00eda, desde el aprecio y el afecto mutuos. La intervenci\u00f3n de Pellicer, transmitiendo sus experiencias como director -y habitante- del Centro Ambiental del Ebro tuvo un car\u00e1cter especialmente po\u00e9tico y sugerente.<\/p>\n<p>Tras la presentaci\u00f3n, se produjeron\u00a0diversos\u00a0encuentros, saludos y charlas informales\u00a0durante el suculento aperitivo en el patio del COAA, ofrecido por el restaurante Cadillac. La jornada result\u00f3 muy agradable y afectuosa, y termin\u00f3 conversando sobre arquitectura y\u00a0arquitecturas, en torno a un vino del Somontano y varios productos de la huerta aragonesa \u2013tomates, alcachofas,&#8230;-, que de alguna manera nos recuerdan las palabras de Paco Pellicer sobre\u00a0el aprovechamiento productivo\u00a0del huerto urbano cultivado en la cubierta del Centro Ambiental, a orillas del Ebro.<\/p>\n<p>PS: Gracias a todos por vuestra asistencia, y especialmente a F\u00e9lix y Ll\u00e1tzer, que viajaron desde Barcelona, y a Guillermo Rubio, que lleg\u00f3 desde Pamplona, antes de volver a Valencia.<\/p>\n","protected":false},"excerpt":{"rendered":"<p>El pasado lunes 12 de Noviembre nos acompa\u00f1aron numerosos amigos (arquitectos, promotores, constructores, jefes de obra, industriales, colaboradores, usuarios o habitantes, alumnos\u2026) que llenaron la sala de actos de la sede\u00a0del Colegio Oficial de Arquitectos de Arag\u00f3n en Zaragoza,\u00a0con motivo de la presentaci\u00f3n de la monograf\u00eda de la serie Biblioteca TC, de la editorial TC [&hellip;]<\/p>\n","protected":false},"author":1,"featured_media":0,"comment_status":"open","ping_status":"open","sticky":false,"template":"","format":"standard","meta":{"_monsterinsights_skip_tracking":false,"_monsterinsights_sitenote_active":false,"_monsterinsights_sitenote_note":"","_monsterinsights_sitenote_category":0},"categories":[90],"tags":[119,87,74],"_links":{"self":[{"href":"https:\/\/magenarquitectos.com\/en\/wp-json\/wp\/v2\/posts\/5143"}],"collection":[{"href":"https:\/\/magenarquitectos.com\/en\/wp-json\/wp\/v2\/posts"}],"about":[{"href":"https:\/\/magenarquitectos.com\/en\/wp-json\/wp\/v2\/types\/post"}],"author":[{"embeddable":true,"href":"https:\/\/magenarquitectos.com\/en\/wp-json\/wp\/v2\/users\/1"}],"replies":[{"embeddable":true,"href":"https:\/\/magenarquitectos.com\/en\/wp-json\/wp\/v2\/comments?post=5143"}],"version-history":[{"count":1,"href":"https:\/\/magenarquitectos.com\/en\/wp-json\/wp\/v2\/posts\/5143\/revisions"}],"predecessor-version":[{"id":13327,"href":"https:\/\/magenarquitectos.com\/en\/wp-json\/wp\/v2\/posts\/5143\/revisions\/13327"}],"wp:attachment":[{"href":"https:\/\/magenarquitectos.com\/en\/wp-json\/wp\/v2\/media?parent=5143"}],"wp:term":[{"taxonomy":"category","embeddable":true,"href":"https:\/\/magenarquitectos.com\/en\/wp-json\/wp\/v2\/categories?post=5143"},{"taxonomy":"post_tag","embeddable":true,"href":"https:\/\/magenarquitectos.com\/en\/wp-json\/wp\/v2\/tags?post=5143"}],"curies":[{"name":"wp","href":"https:\/\/api.w.org\/{rel}","templated":true}]}}