{"id":5185,"date":"2012-12-21T10:01:05","date_gmt":"2012-12-21T10:01:05","guid":{"rendered":"http:\/\/magenarquitectos.wordpress.com\/?p=5185"},"modified":"2021-06-17T10:07:17","modified_gmt":"2021-06-17T10:07:17","slug":"equiciudad-2012-la-cronica","status":"publish","type":"post","link":"https:\/\/magenarquitectos.com\/en\/equiciudad-2012-la-cronica\/","title":{"rendered":"EQUIciuDAD 2012: la cr\u00f3nica"},"content":{"rendered":"<p>Cr\u00f3nica de Carlos Garmend\u00eda sobre el Congreso de Sostenibilidad, Ciudad\u00a0y Arquitectura, \u00a0EQUICIUDAD 2012, celebrado\u00a0el 13 y 14 de Diciembre en San Sebasti\u00e1n, en HIC Arquitectura.<\/p>\n<blockquote class=\"wp-embedded-content\" data-secret=\"WvEXFMiyB9\"><p><a href=\"http:\/\/hicarquitectura.com\/2012\/12\/equiciudad-2012-la-cronica\/\" rel=\"nofollow noopener\" target=\"_blank\">EQUIciuDAD 2012: La cr\u00f3nica<\/a><\/p><\/blockquote>\n<p><iframe class=\"wp-embedded-content\" sandbox=\"allow-scripts\" security=\"restricted\" style=\"position: absolute; clip: rect(1px, 1px, 1px, 1px);\" title=\"&#171;EQUIciuDAD 2012: La cr\u00f3nica&#187; &#8212; HIC Arquitectura\" src=\"http:\/\/hicarquitectura.com\/2012\/12\/equiciudad-2012-la-cronica\/embed\/#?secret=WvEXFMiyB9\" data-secret=\"WvEXFMiyB9\" width=\"600\" height=\"338\" frameborder=\"0\" marginwidth=\"0\" marginheight=\"0\" scrolling=\"no\"><\/iframe><\/p>\n","protected":false},"excerpt":{"rendered":"<p>Cr\u00f3nica de Carlos Garmend\u00eda sobre el Congreso de Sostenibilidad, Ciudad\u00a0y Arquitectura, \u00a0EQUICIUDAD 2012, celebrado\u00a0el 13 y 14 de Diciembre en San Sebasti\u00e1n, en HIC Arquitectura. EQUIciuDAD 2012: La cr\u00f3nica<\/p>\n","protected":false},"author":1,"featured_media":0,"comment_status":"open","ping_status":"open","sticky":false,"template":"","format":"standard","meta":{"_monsterinsights_skip_tracking":false,"_monsterinsights_sitenote_active":false,"_monsterinsights_sitenote_note":"","_monsterinsights_sitenote_category":0},"categories":[76,130,131],"tags":[],"_links":{"self":[{"href":"https:\/\/magenarquitectos.com\/en\/wp-json\/wp\/v2\/posts\/5185"}],"collection":[{"href":"https:\/\/magenarquitectos.com\/en\/wp-json\/wp\/v2\/posts"}],"about":[{"href":"https:\/\/magenarquitectos.com\/en\/wp-json\/wp\/v2\/types\/post"}],"author":[{"embeddable":true,"href":"https:\/\/magenarquitectos.com\/en\/wp-json\/wp\/v2\/users\/1"}],"replies":[{"embeddable":true,"href":"https:\/\/magenarquitectos.com\/en\/wp-json\/wp\/v2\/comments?post=5185"}],"version-history":[{"count":1,"href":"https:\/\/magenarquitectos.com\/en\/wp-json\/wp\/v2\/posts\/5185\/revisions"}],"predecessor-version":[{"id":13301,"href":"https:\/\/magenarquitectos.com\/en\/wp-json\/wp\/v2\/posts\/5185\/revisions\/13301"}],"wp:attachment":[{"href":"https:\/\/magenarquitectos.com\/en\/wp-json\/wp\/v2\/media?parent=5185"}],"wp:term":[{"taxonomy":"category","embeddable":true,"href":"https:\/\/magenarquitectos.com\/en\/wp-json\/wp\/v2\/categories?post=5185"},{"taxonomy":"post_tag","embeddable":true,"href":"https:\/\/magenarquitectos.com\/en\/wp-json\/wp\/v2\/tags?post=5185"}],"curies":[{"name":"wp","href":"https:\/\/api.w.org\/{rel}","templated":true}]}}