{"id":5442,"date":"2012-11-28T10:56:32","date_gmt":"2012-11-28T10:56:32","guid":{"rendered":"http:\/\/magenarquitectos.wordpress.com\/?p=5442"},"modified":"2021-06-17T10:07:18","modified_gmt":"2021-06-17T10:07:18","slug":"magenarquitectos-continua-entre-los-100-blogs-mas-influyentes-de-arquitectura-en-espanol-noviembre-2012","status":"publish","type":"post","link":"https:\/\/magenarquitectos.com\/en\/magenarquitectos-continua-entre-los-100-blogs-mas-influyentes-de-arquitectura-en-espanol-noviembre-2012\/","title":{"rendered":"Magenarquitectos contin\u00faa entre los 100 blogs m\u00e1s influyentes de Arquitectura en espa\u00f1ol. Noviembre 2012."},"content":{"rendered":"<p style=\"text-align: center;\"><a href=\"https:\/\/magenarquitectos.com\/wp-content\/uploads\/2021\/06\/blog-ebuzzing-noviembre.jpg\"><img loading=\"lazy\" class=\"alignnone size-full wp-image-8214\" src=\"https:\/\/magenarquitectos.com\/wp-content\/uploads\/2021\/06\/blog-ebuzzing-noviembre.jpg\" alt=\"blog-ebuzzing-noviembre\" width=\"402\" height=\"357\" title=\"\"><\/a><\/p>\n<p style=\"text-align: left;\">El blog de Mag\u00e9n Arquitectos, n\u00ba 64 en la clasificaci\u00f3n, en base a su influencia,\u00a0 de blogs de arquitectura en espa\u00f1ol de ebuzzing.<br \/>\nThe weblog Magenarquitectos, ranked 64 in the classification of architecture blogs in spanish, by ebuzzing.<\/p>\n","protected":false},"excerpt":{"rendered":"<p>El blog de Mag\u00e9n Arquitectos, n\u00ba 64 en la clasificaci\u00f3n, en base a su influencia,\u00a0 de blogs de arquitectura en espa\u00f1ol de ebuzzing. The weblog Magenarquitectos, ranked 64 in the classification of architecture blogs in spanish, by ebuzzing.<\/p>\n","protected":false},"author":1,"featured_media":0,"comment_status":"open","ping_status":"open","sticky":false,"template":"","format":"standard","meta":{"_monsterinsights_skip_tracking":false,"_monsterinsights_sitenote_active":false,"_monsterinsights_sitenote_note":"","_monsterinsights_sitenote_category":0},"categories":[90],"tags":[186,171,121],"_links":{"self":[{"href":"https:\/\/magenarquitectos.com\/en\/wp-json\/wp\/v2\/posts\/5442"}],"collection":[{"href":"https:\/\/magenarquitectos.com\/en\/wp-json\/wp\/v2\/posts"}],"about":[{"href":"https:\/\/magenarquitectos.com\/en\/wp-json\/wp\/v2\/types\/post"}],"author":[{"embeddable":true,"href":"https:\/\/magenarquitectos.com\/en\/wp-json\/wp\/v2\/users\/1"}],"replies":[{"embeddable":true,"href":"https:\/\/magenarquitectos.com\/en\/wp-json\/wp\/v2\/comments?post=5442"}],"version-history":[{"count":1,"href":"https:\/\/magenarquitectos.com\/en\/wp-json\/wp\/v2\/posts\/5442\/revisions"}],"predecessor-version":[{"id":13320,"href":"https:\/\/magenarquitectos.com\/en\/wp-json\/wp\/v2\/posts\/5442\/revisions\/13320"}],"wp:attachment":[{"href":"https:\/\/magenarquitectos.com\/en\/wp-json\/wp\/v2\/media?parent=5442"}],"wp:term":[{"taxonomy":"category","embeddable":true,"href":"https:\/\/magenarquitectos.com\/en\/wp-json\/wp\/v2\/categories?post=5442"},{"taxonomy":"post_tag","embeddable":true,"href":"https:\/\/magenarquitectos.com\/en\/wp-json\/wp\/v2\/tags?post=5442"}],"curies":[{"name":"wp","href":"https:\/\/api.w.org\/{rel}","templated":true}]}}