{"id":5452,"date":"2012-11-29T11:02:05","date_gmt":"2012-11-29T11:02:05","guid":{"rendered":"http:\/\/magenarquitectos.wordpress.com\/?p=5452"},"modified":"2021-06-17T10:07:18","modified_gmt":"2021-06-17T10:07:18","slug":"magen-arquitectos-gets-european-award-for-emerging-architects","status":"publish","type":"post","link":"https:\/\/magenarquitectos.com\/en\/magen-arquitectos-gets-european-award-for-emerging-architects\/","title":{"rendered":"Magen Arquitectos gets 40 under 40 European Award 2012"},"content":{"rendered":"<p style=\"text-align: center;\"><a href=\"https:\/\/magenarquitectos.com\/wp-content\/uploads\/2021\/06\/40u40_21.jpg\"><img loading=\"lazy\" class=\"alignnone size-full wp-image-8198\" src=\"https:\/\/magenarquitectos.com\/wp-content\/uploads\/2021\/06\/40u40_21.jpg\" alt=\"40u40_21\" width=\"570\" height=\"253\" title=\"\"><\/a><\/p>\n<p>The \u201cEurope 40 Under 40\u201d program was initiated by The European Center for Architecture, Art Design and Urban Studies and The Chicago Athenaeum as an annual program to spotlight and identify the next generation of European architects and designers who will impact future living and working environments, cities, and rural areas.<\/p>\n<p>Forty architects and landscape architects and industrial designers were selected this year by a jury of architecture and design practitioners from The European Centre&#8217;s International Advisory Committee composed of some of Europe and the United States&#8217; most prestigious architecture and industrial design offices. In this year`s announcement, Mag\u00e9n Arquitectos is part of the selected emerging architectural firms.<\/p>\n<p>&#8220;This year&#8217;s awarded Europe 40 Under 40,&#8221; states Christian K. Narkiewicz-Laine, Museum President, The<br \/>\nChicago Athenaeum, &#8220;are some of the brightest and most progressive architects and designers ever selected in this program over the years. Their work is highly innovative, densely imaginative, and full of a new spirit that characterizes European design today.&#8221;<\/p>\n<p>Mag\u00e9n Arquitectos han sido premiados con el &#8220;Europe 40 Under 40 International Award&#8221;, que reconoce a los 40 arquitectos europeos menores de 40 a\u00f1os m\u00e1s destacados. El premio, anunciado por el Centro Europeo de Dise\u00f1o de Arte, Arquitectura y Estudios Urbanos, conjuntamente con The Chicago Athenaeum, tiene como objetivo identificar y promover la nueva generaci\u00f3n de talento europeo de arquitectos, paisajistas, urbanistas y dise\u00f1adores industriales de Europa.<\/p>\n<p><a href=\"http:\/\/magenarquitectos.files.wordpress.com\/2012\/11\/eur-40-40-2012-press.pdf\" rel=\"nofollow noopener\" target=\"_blank\">EUR 40-40 2012 PRESS RELEASE<\/a><\/p>\n<p>+ info: <a href=\"http:\/\/www.chi-athenaeum.org\/europe40\/2012\/_awards\/index.html\" rel=\"nofollow noopener\" target=\"_blank\">http:\/\/www.chi-athenaeum.org\/europe40\/2012\/_awards\/index.html<\/a><\/p>\n<p><a href=\"http:\/\/www.europeanarch.eu\/pdf\/40-40\/2012\/Web%20List%2040%20Under%2040%20PDF%208.pdf\" rel=\"nofollow noopener\" target=\"_blank\">http:\/\/www.europeanarch.eu\/pdf\/40-40\/2012\/Web%20List%2040%20Under%2040%20PDF%208.pdf<\/a><\/p>\n","protected":false},"excerpt":{"rendered":"<p>The \u201cEurope 40 Under 40\u201d program was initiated by The European Center for Architecture, Art Design and Urban Studies and The Chicago Athenaeum as an annual program to spotlight and identify the next generation of European architects and designers who will impact future living and working environments, cities, and rural areas. Forty architects and landscape [&hellip;]<\/p>\n","protected":false},"author":1,"featured_media":0,"comment_status":"open","ping_status":"open","sticky":false,"template":"","format":"standard","meta":{"_monsterinsights_skip_tracking":false,"_monsterinsights_sitenote_active":false,"_monsterinsights_sitenote_note":"","_monsterinsights_sitenote_category":0},"categories":[113],"tags":[62,70],"_links":{"self":[{"href":"https:\/\/magenarquitectos.com\/en\/wp-json\/wp\/v2\/posts\/5452"}],"collection":[{"href":"https:\/\/magenarquitectos.com\/en\/wp-json\/wp\/v2\/posts"}],"about":[{"href":"https:\/\/magenarquitectos.com\/en\/wp-json\/wp\/v2\/types\/post"}],"author":[{"embeddable":true,"href":"https:\/\/magenarquitectos.com\/en\/wp-json\/wp\/v2\/users\/1"}],"replies":[{"embeddable":true,"href":"https:\/\/magenarquitectos.com\/en\/wp-json\/wp\/v2\/comments?post=5452"}],"version-history":[{"count":1,"href":"https:\/\/magenarquitectos.com\/en\/wp-json\/wp\/v2\/posts\/5452\/revisions"}],"predecessor-version":[{"id":13317,"href":"https:\/\/magenarquitectos.com\/en\/wp-json\/wp\/v2\/posts\/5452\/revisions\/13317"}],"wp:attachment":[{"href":"https:\/\/magenarquitectos.com\/en\/wp-json\/wp\/v2\/media?parent=5452"}],"wp:term":[{"taxonomy":"category","embeddable":true,"href":"https:\/\/magenarquitectos.com\/en\/wp-json\/wp\/v2\/categories?post=5452"},{"taxonomy":"post_tag","embeddable":true,"href":"https:\/\/magenarquitectos.com\/en\/wp-json\/wp\/v2\/tags?post=5452"}],"curies":[{"name":"wp","href":"https:\/\/api.w.org\/{rel}","templated":true}]}}