{"id":5489,"date":"2012-12-12T10:47:06","date_gmt":"2012-12-12T10:47:06","guid":{"rendered":"http:\/\/magenarquitectos.wordpress.com\/?p=5489"},"modified":"2021-06-17T10:07:18","modified_gmt":"2021-06-17T10:07:18","slug":"congreso-equiciudad-2012-la-equidad-como-garante-de-la-ciudad-sostenible","status":"publish","type":"post","link":"https:\/\/magenarquitectos.com\/en\/congreso-equiciudad-2012-la-equidad-como-garante-de-la-ciudad-sostenible\/","title":{"rendered":"Congreso EQUIciuDAD 2012. La Equidad como garante de la Ciudad Sostenible"},"content":{"rendered":"<p style=\"text-align: center;\"><a href=\"https:\/\/magenarquitectos.com\/wp-content\/uploads\/2021\/06\/logo-equiciudad-2012-500.jpg\"><img loading=\"lazy\" class=\"alignnone size-full wp-image-8196\" src=\"https:\/\/magenarquitectos.com\/wp-content\/uploads\/2021\/06\/logo-equiciudad-2012-500.jpg\" alt=\"logo-equiciudad-2012-500\" width=\"400\" height=\"400\" title=\"\"><\/a><\/p>\n<p>El Congreso EQUIciuDAD2012 es un evento organizado por el\u00a0 Vicerrectorado del Campus de Gipuzkoa de la UPV\/EHU y comisariado por la Asociaci\u00f3n Sinergia Sostenible, que se celebrar\u00e1 en San Sebasti\u00e1n los d\u00edas 13 y 14 de diciembre de 2012.<\/p>\n<p>El Congreso &#8220;EQUIciuDAD2012. La Equidad como garante de la ciudad sostenible&#8221; ha sido ideado con el fin de dar a la EQUIDAD el lugar que le corresponde dentro del concepto de la ARQUITECTURA Y URBANISMO SOSTENIBLE, entendiendo el concepto de la sostenibilidad como si fuera un taburete que se apoya en tres patas: la equidad, la ecolog\u00eda y la econom\u00eda.<\/p>\n<p>Jaime y Francisco J. Mag\u00e9n participar\u00e1n en el debate &#8220;Materiales y energ\u00eda&#8221; con la lectura de la comunicaci\u00f3n &#8220;Roofscapes: nuevos paisajes de cubierta sostenible integrados en el entorno urbano y medioambiental&#8221;<\/p>\n<div>\n<div>+info: <a href=\"http:\/\/equiciudad.es\" rel=\"nofollow noopener\" target=\"_blank\">Congreso EQUIciuDAD 2012<\/a><\/div>\n<\/div>\n","protected":false},"excerpt":{"rendered":"<p>El Congreso EQUIciuDAD2012 es un evento organizado por el\u00a0 Vicerrectorado del Campus de Gipuzkoa de la UPV\/EHU y comisariado por la Asociaci\u00f3n Sinergia Sostenible, que se celebrar\u00e1 en San Sebasti\u00e1n los d\u00edas 13 y 14 de diciembre de 2012. El Congreso &#8220;EQUIciuDAD2012. La Equidad como garante de la ciudad sostenible&#8221; ha sido ideado con el [&hellip;]<\/p>\n","protected":false},"author":1,"featured_media":0,"comment_status":"open","ping_status":"open","sticky":false,"template":"","format":"standard","meta":{"_monsterinsights_skip_tracking":false,"_monsterinsights_sitenote_active":false,"_monsterinsights_sitenote_note":"","_monsterinsights_sitenote_category":0},"categories":[130,131],"tags":[129,184,185,87,82,83],"_links":{"self":[{"href":"https:\/\/magenarquitectos.com\/en\/wp-json\/wp\/v2\/posts\/5489"}],"collection":[{"href":"https:\/\/magenarquitectos.com\/en\/wp-json\/wp\/v2\/posts"}],"about":[{"href":"https:\/\/magenarquitectos.com\/en\/wp-json\/wp\/v2\/types\/post"}],"author":[{"embeddable":true,"href":"https:\/\/magenarquitectos.com\/en\/wp-json\/wp\/v2\/users\/1"}],"replies":[{"embeddable":true,"href":"https:\/\/magenarquitectos.com\/en\/wp-json\/wp\/v2\/comments?post=5489"}],"version-history":[{"count":1,"href":"https:\/\/magenarquitectos.com\/en\/wp-json\/wp\/v2\/posts\/5489\/revisions"}],"predecessor-version":[{"id":13314,"href":"https:\/\/magenarquitectos.com\/en\/wp-json\/wp\/v2\/posts\/5489\/revisions\/13314"}],"wp:attachment":[{"href":"https:\/\/magenarquitectos.com\/en\/wp-json\/wp\/v2\/media?parent=5489"}],"wp:term":[{"taxonomy":"category","embeddable":true,"href":"https:\/\/magenarquitectos.com\/en\/wp-json\/wp\/v2\/categories?post=5489"},{"taxonomy":"post_tag","embeddable":true,"href":"https:\/\/magenarquitectos.com\/en\/wp-json\/wp\/v2\/tags?post=5489"}],"curies":[{"name":"wp","href":"https:\/\/api.w.org\/{rel}","templated":true}]}}