{"id":5494,"date":"2012-12-17T12:11:27","date_gmt":"2012-12-17T12:11:27","guid":{"rendered":"http:\/\/magenarquitectos.wordpress.com\/?p=5494"},"modified":"2021-06-17T10:07:17","modified_gmt":"2021-06-17T10:07:17","slug":"libro-equiciudad-2012-la-equidad-como-garante-de-la-ciudad-sostenible","status":"publish","type":"post","link":"https:\/\/magenarquitectos.com\/en\/libro-equiciudad-2012-la-equidad-como-garante-de-la-ciudad-sostenible\/","title":{"rendered":"Libro Equiciudad 2012. La equidad como garante de la ciudad sostenible."},"content":{"rendered":"<p style=\"text-align: center;\"><a href=\"https:\/\/magenarquitectos.com\/wp-content\/uploads\/2021\/06\/libro_equiciudad_blog.jpg\"><img loading=\"lazy\" class=\"alignnone size-full wp-image-8194\" src=\"https:\/\/magenarquitectos.com\/wp-content\/uploads\/2021\/06\/libro_equiciudad_blog.jpg\" alt=\"libro_equiciudad_blog\" width=\"414\" height=\"567\" title=\"\"><\/a><\/p>\n<p style=\"text-align: left;\">La editorial Recolectores Urbanos publica el libro &#8220;Equiciudad 2012&#8221; que recoge el contenido investigador del Congreso &#8220;Equiciudad 2012. La equidad como garante de la ciudad sostenibe&#8221;, organizado por\u00a0 el\u00a0 Vicerrectorado del Campus de Gipuzkoa de la UPV\/EHU y comisariado por la Asociaci\u00f3n Sinergia Sostenible y celebrado en San Sebasti\u00e1n los d\u00edas 13 y 14 de diciembre de 2012. Se incluye la comunicaci\u00f3n &#8220;Roofscapes: nuevos paisajes de cubierta sostenible integrados en el entorno urbano y medioambiental&#8221;, elaborada por Jaime y Francisco J. Mag\u00e9n.<\/p>\n<p style=\"text-align: left;\">Recolectores Urbanos publishing launches the book &#8220;Equiciudad 2012&#8221; that collects the research papers lectured in the Congress &#8220;Equiciudad 2012. La equidad como garante de la ciudad sostenibe&#8221;, organized by UPV\/EHU and Sinergia Sostenible, held in San Sebastian last 13th and 14th December. The paper &#8220;Roofscapes: new landscapes of sustainable roofs integrated in urban and environmental contexts&#8221;, by Jaime and Francisco J. Mag\u00e9n, is included.<\/p>\n<p>Esp, 24&#215;11,5 cm, 445 p. &#8211; ISBN 978-84-940196-8-5<\/p>\n","protected":false},"excerpt":{"rendered":"<p>La editorial Recolectores Urbanos publica el libro &#8220;Equiciudad 2012&#8221; que recoge el contenido investigador del Congreso &#8220;Equiciudad 2012. La equidad como garante de la ciudad sostenibe&#8221;, organizado por\u00a0 el\u00a0 Vicerrectorado del Campus de Gipuzkoa de la UPV\/EHU y comisariado por la Asociaci\u00f3n Sinergia Sostenible y celebrado en San Sebasti\u00e1n los d\u00edas 13 y 14 de [&hellip;]<\/p>\n","protected":false},"author":1,"featured_media":0,"comment_status":"open","ping_status":"open","sticky":false,"template":"","format":"standard","meta":{"_monsterinsights_skip_tracking":false,"_monsterinsights_sitenote_active":false,"_monsterinsights_sitenote_note":"","_monsterinsights_sitenote_category":0},"categories":[76,78,130,90,194,131],"tags":[119,184,185,79,87,81,82,83],"_links":{"self":[{"href":"https:\/\/magenarquitectos.com\/en\/wp-json\/wp\/v2\/posts\/5494"}],"collection":[{"href":"https:\/\/magenarquitectos.com\/en\/wp-json\/wp\/v2\/posts"}],"about":[{"href":"https:\/\/magenarquitectos.com\/en\/wp-json\/wp\/v2\/types\/post"}],"author":[{"embeddable":true,"href":"https:\/\/magenarquitectos.com\/en\/wp-json\/wp\/v2\/users\/1"}],"replies":[{"embeddable":true,"href":"https:\/\/magenarquitectos.com\/en\/wp-json\/wp\/v2\/comments?post=5494"}],"version-history":[{"count":1,"href":"https:\/\/magenarquitectos.com\/en\/wp-json\/wp\/v2\/posts\/5494\/revisions"}],"predecessor-version":[{"id":13311,"href":"https:\/\/magenarquitectos.com\/en\/wp-json\/wp\/v2\/posts\/5494\/revisions\/13311"}],"wp:attachment":[{"href":"https:\/\/magenarquitectos.com\/en\/wp-json\/wp\/v2\/media?parent=5494"}],"wp:term":[{"taxonomy":"category","embeddable":true,"href":"https:\/\/magenarquitectos.com\/en\/wp-json\/wp\/v2\/categories?post=5494"},{"taxonomy":"post_tag","embeddable":true,"href":"https:\/\/magenarquitectos.com\/en\/wp-json\/wp\/v2\/tags?post=5494"}],"curies":[{"name":"wp","href":"https:\/\/api.w.org\/{rel}","templated":true}]}}