{"id":5522,"date":"2012-12-18T12:49:02","date_gmt":"2012-12-18T12:49:02","guid":{"rendered":"http:\/\/magenarquitectos.wordpress.com\/?p=5522"},"modified":"2021-06-17T10:07:17","modified_gmt":"2021-06-17T10:07:17","slug":"5522","status":"publish","type":"post","link":"https:\/\/magenarquitectos.com\/en\/5522\/","title":{"rendered":"Premios 40 under 40: rese\u00f1as en Heraldo de Arag\u00f3n, Diario de Navarra y Universidad de Navarra."},"content":{"rendered":"<p>Heraldo de Arag\u00f3n (18\/12\/2012)<\/p>\n<p><a href=\"https:\/\/magenarquitectos.com\/wp-content\/uploads\/2021\/06\/resec3b1a40_heraldo-copia.jpg\"><img loading=\"lazy\" class=\"alignnone size-full wp-image-8209\" src=\"https:\/\/magenarquitectos.com\/wp-content\/uploads\/2021\/06\/resec3b1a40_heraldo-copia.jpg\" alt=\"resec3b1a40_heraldo-copia\" width=\"300\" height=\"210\" title=\"\"><\/a><\/p>\n<p>Diario de Navarra (15\/12\/2012)<\/p>\n<p><a href=\"http:\/\/www.diariodenavarra.es\/noticias\/navarra\/mas_navarra\/2012\/12\/14\/dos_graduados_entre_los_mejores_arquitectos_europeos_100999_2061.html\" rel=\"nofollow noopener\" target=\"_blank\">http:\/\/www.diariodenavarra.es\/noticias\/navarra\/mas_navarra\/2012\/12\/14\/dos_graduados_entre_los_mejores_arquitectos_europeos_100999_2061.html<\/a><\/p>\n<p><a href=\"https:\/\/magenarquitectos.com\/wp-content\/uploads\/2021\/06\/resec3b1a40_diarionav.jpg\"><img loading=\"lazy\" class=\"alignnone size-full wp-image-8210\" src=\"https:\/\/magenarquitectos.com\/wp-content\/uploads\/2021\/06\/resec3b1a40_diarionav.jpg\" alt=\"resec3b1a40_diarionav\" width=\"300\" height=\"199\" title=\"\"><\/a><\/p>\n<p>Universidad de Navarra: Noticias (18\/12\/2012)<\/p>\n<p><a href=\"http:\/\/www.unav.es\/informacion\/noticias\/dos-graduados-universidad-navarra-mejores-arquitectos-europeos-menores-40-anos\" rel=\"nofollow noopener\" target=\"_blank\">http:\/\/www.unav.es\/informacion\/noticias\/dos-graduados-universidad-navarra-mejores-arquitectos-europeos-menores-40-anos<\/a><\/p>\n<p><a href=\"https:\/\/magenarquitectos.com\/wp-content\/uploads\/2021\/06\/unav3.jpg\"><img loading=\"lazy\" class=\"alignnone size-full wp-image-8211\" src=\"https:\/\/magenarquitectos.com\/wp-content\/uploads\/2021\/06\/unav3.jpg\" alt=\"unav3\" width=\"300\" height=\"217\" title=\"\"><\/a><\/p>\n","protected":false},"excerpt":{"rendered":"<p>Heraldo de Arag\u00f3n (18\/12\/2012) Diario de Navarra (15\/12\/2012) http:\/\/www.diariodenavarra.es\/noticias\/navarra\/mas_navarra\/2012\/12\/14\/dos_graduados_entre_los_mejores_arquitectos_europeos_100999_2061.html Universidad de Navarra: Noticias (18\/12\/2012) http:\/\/www.unav.es\/informacion\/noticias\/dos-graduados-universidad-navarra-mejores-arquitectos-europeos-menores-40-anos<\/p>\n","protected":false},"author":1,"featured_media":0,"comment_status":"open","ping_status":"open","sticky":false,"template":"","format":"standard","meta":{"_monsterinsights_skip_tracking":false,"_monsterinsights_sitenote_active":false,"_monsterinsights_sitenote_note":"","_monsterinsights_sitenote_category":0},"categories":[113,90],"tags":[62,87,123,70],"_links":{"self":[{"href":"https:\/\/magenarquitectos.com\/en\/wp-json\/wp\/v2\/posts\/5522"}],"collection":[{"href":"https:\/\/magenarquitectos.com\/en\/wp-json\/wp\/v2\/posts"}],"about":[{"href":"https:\/\/magenarquitectos.com\/en\/wp-json\/wp\/v2\/types\/post"}],"author":[{"embeddable":true,"href":"https:\/\/magenarquitectos.com\/en\/wp-json\/wp\/v2\/users\/1"}],"replies":[{"embeddable":true,"href":"https:\/\/magenarquitectos.com\/en\/wp-json\/wp\/v2\/comments?post=5522"}],"version-history":[{"count":1,"href":"https:\/\/magenarquitectos.com\/en\/wp-json\/wp\/v2\/posts\/5522\/revisions"}],"predecessor-version":[{"id":13308,"href":"https:\/\/magenarquitectos.com\/en\/wp-json\/wp\/v2\/posts\/5522\/revisions\/13308"}],"wp:attachment":[{"href":"https:\/\/magenarquitectos.com\/en\/wp-json\/wp\/v2\/media?parent=5522"}],"wp:term":[{"taxonomy":"category","embeddable":true,"href":"https:\/\/magenarquitectos.com\/en\/wp-json\/wp\/v2\/categories?post=5522"},{"taxonomy":"post_tag","embeddable":true,"href":"https:\/\/magenarquitectos.com\/en\/wp-json\/wp\/v2\/tags?post=5522"}],"curies":[{"name":"wp","href":"https:\/\/api.w.org\/{rel}","templated":true}]}}