{"id":5540,"date":"2013-02-13T09:32:06","date_gmt":"2013-02-13T09:32:06","guid":{"rendered":"http:\/\/magenarquitectos.wordpress.com\/?p=5540"},"modified":"2021-06-17T10:07:15","modified_gmt":"2021-06-17T10:07:15","slug":"international-biennial-barbara-cappochin-by-pantheon-tv","status":"publish","type":"post","link":"https:\/\/magenarquitectos.com\/en\/international-biennial-barbara-cappochin-by-pantheon-tv\/","title":{"rendered":"International Biennial Barbara Cappochin by Pantheon TV"},"content":{"rendered":"<p>[vimeo http:\/\/vimeo.com\/34250191]<\/p>\n<p>Pantheon TV, proyecto italiano de divulgaci\u00f3n cultural, edita este v\u00eddeo sobre la Bienal Internacional de Arquitectura Barbara Cappochin, en la que Mag\u00e9n Arquitectos fue distinguido con la Medalla de Oro Giancarlo Ius 2011, otorgada por la Uni\u00f3n Internacional de Arquitectos, al edificio m\u00e1s innovador en el campo del ahorro energ\u00e9tico y la integraci\u00f3n de las energ\u00edas renovables en la edificaci\u00f3n.<\/p>\n<p>Pantheon TV, Italian organization devoted to cultural dissemination, edits this video about the International Biennial of Architecture Barbara Cappochin, in which Magen Arquitectos was awarded with Giancarlo Ius Gold Medal 2011, by the International Union of Architects, to the\u00a0 most innovative building in the field of energy saving and integration of renewable energies\u00a0 in building design.<\/p>\n","protected":false},"excerpt":{"rendered":"<p>[vimeo http:\/\/vimeo.com\/34250191] Pantheon TV, proyecto italiano de divulgaci\u00f3n cultural, edita este v\u00eddeo sobre la Bienal Internacional de Arquitectura Barbara Cappochin, en la que Mag\u00e9n Arquitectos fue distinguido con la Medalla de Oro Giancarlo Ius 2011, otorgada por la Uni\u00f3n Internacional de Arquitectos, al edificio m\u00e1s innovador en el campo del ahorro energ\u00e9tico y la integraci\u00f3n [&hellip;]<\/p>\n","protected":false},"author":1,"featured_media":0,"comment_status":"open","ping_status":"open","sticky":false,"template":"","format":"standard","meta":{"_monsterinsights_skip_tracking":false,"_monsterinsights_sitenote_active":false,"_monsterinsights_sitenote_note":"","_monsterinsights_sitenote_category":0},"categories":[195,113,146],"tags":[],"_links":{"self":[{"href":"https:\/\/magenarquitectos.com\/en\/wp-json\/wp\/v2\/posts\/5540"}],"collection":[{"href":"https:\/\/magenarquitectos.com\/en\/wp-json\/wp\/v2\/posts"}],"about":[{"href":"https:\/\/magenarquitectos.com\/en\/wp-json\/wp\/v2\/types\/post"}],"author":[{"embeddable":true,"href":"https:\/\/magenarquitectos.com\/en\/wp-json\/wp\/v2\/users\/1"}],"replies":[{"embeddable":true,"href":"https:\/\/magenarquitectos.com\/en\/wp-json\/wp\/v2\/comments?post=5540"}],"version-history":[{"count":1,"href":"https:\/\/magenarquitectos.com\/en\/wp-json\/wp\/v2\/posts\/5540\/revisions"}],"predecessor-version":[{"id":13266,"href":"https:\/\/magenarquitectos.com\/en\/wp-json\/wp\/v2\/posts\/5540\/revisions\/13266"}],"wp:attachment":[{"href":"https:\/\/magenarquitectos.com\/en\/wp-json\/wp\/v2\/media?parent=5540"}],"wp:term":[{"taxonomy":"category","embeddable":true,"href":"https:\/\/magenarquitectos.com\/en\/wp-json\/wp\/v2\/categories?post=5540"},{"taxonomy":"post_tag","embeddable":true,"href":"https:\/\/magenarquitectos.com\/en\/wp-json\/wp\/v2\/tags?post=5540"}],"curies":[{"name":"wp","href":"https:\/\/api.w.org\/{rel}","templated":true}]}}