{"id":5546,"date":"2013-11-27T09:45:08","date_gmt":"2013-11-27T09:45:08","guid":{"rendered":"http:\/\/magenarquitectos.wordpress.com\/?p=5546"},"modified":"2021-06-17T10:06:22","modified_gmt":"2021-06-17T10:06:22","slug":"today-in-athens-mea-2013-awards-ceremony","status":"publish","type":"post","link":"https:\/\/magenarquitectos.com\/en\/today-in-athens-mea-2013-awards-ceremony\/","title":{"rendered":"Today in Athens: MEA 2013 Awards\u00b4 Ceremony"},"content":{"rendered":"<p><a href=\"https:\/\/magenarquitectos.com\/wp-content\/uploads\/2021\/06\/000-prosklisi_mea_2013_engl8b6ca01.jpg\"><img loading=\"lazy\" class=\"size-full wp-image-8053 aligncenter\" src=\"https:\/\/magenarquitectos.com\/wp-content\/uploads\/2021\/06\/000-prosklisi_mea_2013_engl8b6ca01.jpg\" alt=\"000-prosklisi_mea_2013_engl8b6ca0\" width=\"600\" height=\"371\" title=\"\"><\/a><\/p>\n<p>The MEA2013 Awards honors the most innovative and creative design solutions that have been completed during the last five years in the Mediterranean zone.<\/p>\n<p>From the 27th of November until the 8th of December, the \u201cEuropean Centre\u201d (74 Mitropoleos str., Athens) will host an Exhibition of all the MEA award-winning architecture projects.<\/p>\n<p>On Wednesday, November 27 at 7 p.m. the Award Ceremony will take place at the Cervantes Institute in Athens (23 Mitropoleos str., Athens).<\/p>\n<p>Los Premios a la Arquitectura Mediterr\u00e1nea Sostenible MEA2013 seleccionan los proyectos m\u00e1s innovadores completados en los \u00faltimos cinco a\u00f1os en el \u00e1rea mediterr\u00e1nea.<\/p>\n<p>Desde el 27 de noviembre al 8 de diciembre, el &#8220;European Centre&#8221; (calle Mitropoleos 74, Atenas) acoger\u00e1 una exposici\u00f3n de los proyectos premiados.<\/p>\n<p>El mi\u00e9rcoles 27 de noviembre se celebrar\u00e1 la Entrega de Premios en la sede del Instituto Cervantes en Atenas (calle Mitropoleos 23, Atenas).<\/p>\n<p>+ info: <a href=\"http:\/\/mea2013.gr\/\" rel=\"nofollow noopener\" target=\"_blank\">http:\/\/mea2013.gr\/<\/a><\/p>\n<p>+info: <a href=\"http:\/\/magenarquitectos.com\/centro-ambiental-del-ebro-2\/\">Centro Ambiental del Ebro<\/a>, <a href=\"http:\/\/english.magenarquitectos.com\/ebro-environmental-centre-2\/\">Ebro Environmental Centre,<\/a><\/p>\n","protected":false},"excerpt":{"rendered":"<p>The MEA2013 Awards honors the most innovative and creative design solutions that have been completed during the last five years in the Mediterranean zone. From the 27th of November until the 8th of December, the \u201cEuropean Centre\u201d (74 Mitropoleos str., Athens) will host an Exhibition of all the MEA award-winning architecture projects. On Wednesday, November [&hellip;]<\/p>\n","protected":false},"author":1,"featured_media":0,"comment_status":"open","ping_status":"open","sticky":false,"template":"","format":"standard","meta":{"_monsterinsights_skip_tracking":false,"_monsterinsights_sitenote_active":false,"_monsterinsights_sitenote_note":"","_monsterinsights_sitenote_category":0},"categories":[195,202,75,76,78,65,66,113],"tags":[115,79,80,203,81,70,82,83,74],"_links":{"self":[{"href":"https:\/\/magenarquitectos.com\/en\/wp-json\/wp\/v2\/posts\/5546"}],"collection":[{"href":"https:\/\/magenarquitectos.com\/en\/wp-json\/wp\/v2\/posts"}],"about":[{"href":"https:\/\/magenarquitectos.com\/en\/wp-json\/wp\/v2\/types\/post"}],"author":[{"embeddable":true,"href":"https:\/\/magenarquitectos.com\/en\/wp-json\/wp\/v2\/users\/1"}],"replies":[{"embeddable":true,"href":"https:\/\/magenarquitectos.com\/en\/wp-json\/wp\/v2\/comments?post=5546"}],"version-history":[{"count":1,"href":"https:\/\/magenarquitectos.com\/en\/wp-json\/wp\/v2\/posts\/5546\/revisions"}],"predecessor-version":[{"id":13107,"href":"https:\/\/magenarquitectos.com\/en\/wp-json\/wp\/v2\/posts\/5546\/revisions\/13107"}],"wp:attachment":[{"href":"https:\/\/magenarquitectos.com\/en\/wp-json\/wp\/v2\/media?parent=5546"}],"wp:term":[{"taxonomy":"category","embeddable":true,"href":"https:\/\/magenarquitectos.com\/en\/wp-json\/wp\/v2\/categories?post=5546"},{"taxonomy":"post_tag","embeddable":true,"href":"https:\/\/magenarquitectos.com\/en\/wp-json\/wp\/v2\/tags?post=5546"}],"curies":[{"name":"wp","href":"https:\/\/api.w.org\/{rel}","templated":true}]}}