{"id":5584,"date":"2013-01-11T09:44:46","date_gmt":"2013-01-11T09:44:46","guid":{"rendered":"http:\/\/magenarquitectos.wordpress.com\/?p=5584"},"modified":"2021-09-01T15:34:19","modified_gmt":"2021-09-01T15:34:19","slug":"la-sede-de-la-comarca-del-bajo-martin-publicada-en-architekturabiznes-polonia","status":"publish","type":"post","link":"https:\/\/magenarquitectos.com\/en\/la-sede-de-la-comarca-del-bajo-martin-publicada-en-architekturabiznes-polonia\/","title":{"rendered":"La Sede de la Comarca del Bajo Mart\u00edn publicada en Architektura&#038;Biznes (Polonia)"},"content":{"rendered":"<p>La Sede de la Comarca del Bajo Mart\u00edn, publicada en el n\u00famero 10\/2012 de Architektura&amp;Biznes.<\/p>\n<p>Polish architectural publication &#8220;Architektura&amp;Biznes&#8221;\u00a0 features the Bajo Martin County Seat, by Mag\u00e9n Arquitectos,\u00a0 in its n\u00ba 10\/2012 issue.<\/p>\n","protected":false},"excerpt":{"rendered":"<p>La Sede de la Comarca del Bajo Mart\u00edn, publicada en el n\u00famero 10\/2012 de Architektura&amp;Biznes. Polish architectural publication &#8220;Architektura&amp;Biznes&#8221;\u00a0 features the Bajo Martin County Seat, by Mag\u00e9n Arquitectos,\u00a0 in its n\u00ba 10\/2012 issue.<\/p>\n","protected":false},"author":1,"featured_media":0,"comment_status":"open","ping_status":"open","sticky":false,"template":"","format":"standard","meta":{"_monsterinsights_skip_tracking":false,"_monsterinsights_sitenote_active":false,"_monsterinsights_sitenote_note":"","_monsterinsights_sitenote_category":0},"categories":[77,65,90],"tags":[100,101,102,103,89,167,104,105],"_links":{"self":[{"href":"https:\/\/magenarquitectos.com\/en\/wp-json\/wp\/v2\/posts\/5584"}],"collection":[{"href":"https:\/\/magenarquitectos.com\/en\/wp-json\/wp\/v2\/posts"}],"about":[{"href":"https:\/\/magenarquitectos.com\/en\/wp-json\/wp\/v2\/types\/post"}],"author":[{"embeddable":true,"href":"https:\/\/magenarquitectos.com\/en\/wp-json\/wp\/v2\/users\/1"}],"replies":[{"embeddable":true,"href":"https:\/\/magenarquitectos.com\/en\/wp-json\/wp\/v2\/comments?post=5584"}],"version-history":[{"count":2,"href":"https:\/\/magenarquitectos.com\/en\/wp-json\/wp\/v2\/posts\/5584\/revisions"}],"predecessor-version":[{"id":14633,"href":"https:\/\/magenarquitectos.com\/en\/wp-json\/wp\/v2\/posts\/5584\/revisions\/14633"}],"wp:attachment":[{"href":"https:\/\/magenarquitectos.com\/en\/wp-json\/wp\/v2\/media?parent=5584"}],"wp:term":[{"taxonomy":"category","embeddable":true,"href":"https:\/\/magenarquitectos.com\/en\/wp-json\/wp\/v2\/categories?post=5584"},{"taxonomy":"post_tag","embeddable":true,"href":"https:\/\/magenarquitectos.com\/en\/wp-json\/wp\/v2\/tags?post=5584"}],"curies":[{"name":"wp","href":"https:\/\/api.w.org\/{rel}","templated":true}]}}