{"id":5611,"date":"2013-01-17T10:14:54","date_gmt":"2013-01-17T10:14:54","guid":{"rendered":"http:\/\/magenarquitectos.wordpress.com\/?p=5611"},"modified":"2021-06-17T10:07:15","modified_gmt":"2021-06-17T10:07:15","slug":"las-grandes-cosas-se-construyen-entre-todos-entrevista-en-heraldo-de-aragon","status":"publish","type":"post","link":"https:\/\/magenarquitectos.com\/en\/las-grandes-cosas-se-construyen-entre-todos-entrevista-en-heraldo-de-aragon\/","title":{"rendered":"&#8220;Las grandes cosas se construyen entre todos&#8221;. Entrevista en Heraldo de Arag\u00f3n"},"content":{"rendered":"<p>Entrevista de Chema R. Morais a Jaime y Francisco Javier Mag\u00e9n en Heraldo de Arag\u00f3n.<\/p>\n<p>Journalist Chema R. Morais interviews Jaime and Francisco Javier Magen\u00a0 in Spanish newspaper Heraldo de Arag\u00f3n.<\/p>\n<p><a href=\"https:\/\/magenarquitectos.com\/wp-content\/uploads\/2021\/06\/heraldo1.jpg\"><img loading=\"lazy\" class=\"size-full wp-image-8187 aligncenter\" src=\"https:\/\/magenarquitectos.com\/wp-content\/uploads\/2021\/06\/heraldo1.jpg\" alt=\"heraldo\" width=\"660\" height=\"791\" title=\"\"><\/a><\/p>\n","protected":false},"excerpt":{"rendered":"<p>Entrevista de Chema R. Morais a Jaime y Francisco Javier Mag\u00e9n en Heraldo de Arag\u00f3n. Journalist Chema R. Morais interviews Jaime and Francisco Javier Magen\u00a0 in Spanish newspaper Heraldo de Arag\u00f3n.<\/p>\n","protected":false},"author":1,"featured_media":0,"comment_status":"open","ping_status":"open","sticky":false,"template":"","format":"standard","meta":{"_monsterinsights_skip_tracking":false,"_monsterinsights_sitenote_active":false,"_monsterinsights_sitenote_note":"","_monsterinsights_sitenote_category":0},"categories":[90],"tags":[152,122,123,74],"_links":{"self":[{"href":"https:\/\/magenarquitectos.com\/en\/wp-json\/wp\/v2\/posts\/5611"}],"collection":[{"href":"https:\/\/magenarquitectos.com\/en\/wp-json\/wp\/v2\/posts"}],"about":[{"href":"https:\/\/magenarquitectos.com\/en\/wp-json\/wp\/v2\/types\/post"}],"author":[{"embeddable":true,"href":"https:\/\/magenarquitectos.com\/en\/wp-json\/wp\/v2\/users\/1"}],"replies":[{"embeddable":true,"href":"https:\/\/magenarquitectos.com\/en\/wp-json\/wp\/v2\/comments?post=5611"}],"version-history":[{"count":1,"href":"https:\/\/magenarquitectos.com\/en\/wp-json\/wp\/v2\/posts\/5611\/revisions"}],"predecessor-version":[{"id":13284,"href":"https:\/\/magenarquitectos.com\/en\/wp-json\/wp\/v2\/posts\/5611\/revisions\/13284"}],"wp:attachment":[{"href":"https:\/\/magenarquitectos.com\/en\/wp-json\/wp\/v2\/media?parent=5611"}],"wp:term":[{"taxonomy":"category","embeddable":true,"href":"https:\/\/magenarquitectos.com\/en\/wp-json\/wp\/v2\/categories?post=5611"},{"taxonomy":"post_tag","embeddable":true,"href":"https:\/\/magenarquitectos.com\/en\/wp-json\/wp\/v2\/tags?post=5611"}],"curies":[{"name":"wp","href":"https:\/\/api.w.org\/{rel}","templated":true}]}}