{"id":5718,"date":"2013-02-01T16:06:35","date_gmt":"2013-02-01T16:06:35","guid":{"rendered":"http:\/\/magenarquitectos.wordpress.com\/?p=5718"},"modified":"2021-06-17T10:07:15","modified_gmt":"2021-06-17T10:07:15","slug":"concurso-centro-espacio-portalet-antigua-aduana-espana-francia","status":"publish","type":"post","link":"https:\/\/magenarquitectos.com\/en\/concurso-centro-espacio-portalet-antigua-aduana-espana-francia\/","title":{"rendered":"Concurso Centro Espacio Portalet, antigua aduana Espa\u00f1a-Francia. Seleccionado 2\u00aa Fase"},"content":{"rendered":"<p><a href=\"https:\/\/magenarquitectos.com\/wp-content\/uploads\/2021\/06\/portalet01.jpg\"><img loading=\"lazy\" class=\"size-full wp-image-8182 aligncenter\" src=\"https:\/\/magenarquitectos.com\/wp-content\/uploads\/2021\/06\/portalet01.jpg\" alt=\"portalet0\" width=\"660\" height=\"371\" title=\"\"><\/a><\/p>\n<p>El equipo dirigido por Mag\u00e9n Arquitectos es uno de los cinco seleccionados por curriculum\u00a0para la 2\u00aa fase del Concurso &#8220;Centro Espacio Portalet&#8221;,\u00a0\u00a0promovido por la Agrupaci\u00f3n Europea de Cooperaci\u00f3n Territorial &#8220;Espacio Portalet&#8221;, del Departamento de Pirineos Atl\u00e1nticos y el Gobierno de Arag\u00f3n.<\/p>\n<p>The team leaded by Magen Arquitectos is one of the five selected by curriculum to the 2nd phase of the Competition &#8220;Centro Espacio Portalet&#8221;, developed by the European Agrupation for Territorial Cooperation &#8220;&#8221;Espacio Portalet&#8221;, joining Pyrenees-Atlantiques Department and Government of Aragon<\/p>\n","protected":false},"excerpt":{"rendered":"<p>El equipo dirigido por Mag\u00e9n Arquitectos es uno de los cinco seleccionados por curriculum\u00a0para la 2\u00aa fase del Concurso &#8220;Centro Espacio Portalet&#8221;,\u00a0\u00a0promovido por la Agrupaci\u00f3n Europea de Cooperaci\u00f3n Territorial &#8220;Espacio Portalet&#8221;, del Departamento de Pirineos Atl\u00e1nticos y el Gobierno de Arag\u00f3n. The team leaded by Magen Arquitectos is one of the five selected by curriculum [&hellip;]<\/p>\n","protected":false},"author":1,"featured_media":0,"comment_status":"open","ping_status":"open","sticky":false,"template":"","format":"standard","meta":{"_monsterinsights_skip_tracking":false,"_monsterinsights_sitenote_active":false,"_monsterinsights_sitenote_note":"","_monsterinsights_sitenote_category":0},"categories":[75,66,132],"tags":[80,93,94],"_links":{"self":[{"href":"https:\/\/magenarquitectos.com\/en\/wp-json\/wp\/v2\/posts\/5718"}],"collection":[{"href":"https:\/\/magenarquitectos.com\/en\/wp-json\/wp\/v2\/posts"}],"about":[{"href":"https:\/\/magenarquitectos.com\/en\/wp-json\/wp\/v2\/types\/post"}],"author":[{"embeddable":true,"href":"https:\/\/magenarquitectos.com\/en\/wp-json\/wp\/v2\/users\/1"}],"replies":[{"embeddable":true,"href":"https:\/\/magenarquitectos.com\/en\/wp-json\/wp\/v2\/comments?post=5718"}],"version-history":[{"count":1,"href":"https:\/\/magenarquitectos.com\/en\/wp-json\/wp\/v2\/posts\/5718\/revisions"}],"predecessor-version":[{"id":13275,"href":"https:\/\/magenarquitectos.com\/en\/wp-json\/wp\/v2\/posts\/5718\/revisions\/13275"}],"wp:attachment":[{"href":"https:\/\/magenarquitectos.com\/en\/wp-json\/wp\/v2\/media?parent=5718"}],"wp:term":[{"taxonomy":"category","embeddable":true,"href":"https:\/\/magenarquitectos.com\/en\/wp-json\/wp\/v2\/categories?post=5718"},{"taxonomy":"post_tag","embeddable":true,"href":"https:\/\/magenarquitectos.com\/en\/wp-json\/wp\/v2\/tags?post=5718"}],"curies":[{"name":"wp","href":"https:\/\/api.w.org\/{rel}","templated":true}]}}