{"id":5746,"date":"2013-02-05T09:30:56","date_gmt":"2013-02-05T09:30:56","guid":{"rendered":"http:\/\/magenarquitectos.wordpress.com\/?p=5746"},"modified":"2021-06-17T10:07:15","modified_gmt":"2021-06-17T10:07:15","slug":"entrevista-en-el-periodico-de-aragon","status":"publish","type":"post","link":"https:\/\/magenarquitectos.com\/en\/entrevista-en-el-periodico-de-aragon\/","title":{"rendered":"Entrevista en El Peri\u00f3dico de Arag\u00f3n"},"content":{"rendered":"<p>Entrevista a Jaime Mag\u00e9n en El Peri\u00f3dico de Arag\u00f3n sobre el borrador de la Ley de Servicios Profesionales.<\/p>\n<p>Jaime Magen is interviewed in Spanish newspaper El Peri\u00f3dico de Arag\u00f3n about the draft of the Professional Services Law.<\/p>\n<p><a href=\"https:\/\/magenarquitectos.com\/wp-content\/uploads\/2021\/06\/epa_lsp21.jpg\"><img loading=\"lazy\" class=\"size-full wp-image-8180 aligncenter\" src=\"https:\/\/magenarquitectos.com\/wp-content\/uploads\/2021\/06\/epa_lsp21.jpg\" alt=\"epa_lsp2\" width=\"628\" height=\"886\" title=\"\"><\/a><\/p>\n","protected":false},"excerpt":{"rendered":"<p>Entrevista a Jaime Mag\u00e9n en El Peri\u00f3dico de Arag\u00f3n sobre el borrador de la Ley de Servicios Profesionales. Jaime Magen is interviewed in Spanish newspaper El Peri\u00f3dico de Arag\u00f3n about the draft of the Professional Services Law.<\/p>\n","protected":false},"author":1,"featured_media":0,"comment_status":"open","ping_status":"open","sticky":false,"template":"","format":"standard","meta":{"_monsterinsights_skip_tracking":false,"_monsterinsights_sitenote_active":false,"_monsterinsights_sitenote_note":"","_monsterinsights_sitenote_category":0},"categories":[90],"tags":[152,123,74],"_links":{"self":[{"href":"https:\/\/magenarquitectos.com\/en\/wp-json\/wp\/v2\/posts\/5746"}],"collection":[{"href":"https:\/\/magenarquitectos.com\/en\/wp-json\/wp\/v2\/posts"}],"about":[{"href":"https:\/\/magenarquitectos.com\/en\/wp-json\/wp\/v2\/types\/post"}],"author":[{"embeddable":true,"href":"https:\/\/magenarquitectos.com\/en\/wp-json\/wp\/v2\/users\/1"}],"replies":[{"embeddable":true,"href":"https:\/\/magenarquitectos.com\/en\/wp-json\/wp\/v2\/comments?post=5746"}],"version-history":[{"count":1,"href":"https:\/\/magenarquitectos.com\/en\/wp-json\/wp\/v2\/posts\/5746\/revisions"}],"predecessor-version":[{"id":13272,"href":"https:\/\/magenarquitectos.com\/en\/wp-json\/wp\/v2\/posts\/5746\/revisions\/13272"}],"wp:attachment":[{"href":"https:\/\/magenarquitectos.com\/en\/wp-json\/wp\/v2\/media?parent=5746"}],"wp:term":[{"taxonomy":"category","embeddable":true,"href":"https:\/\/magenarquitectos.com\/en\/wp-json\/wp\/v2\/categories?post=5746"},{"taxonomy":"post_tag","embeddable":true,"href":"https:\/\/magenarquitectos.com\/en\/wp-json\/wp\/v2\/tags?post=5746"}],"curies":[{"name":"wp","href":"https:\/\/api.w.org\/{rel}","templated":true}]}}