{"id":5773,"date":"2013-02-27T09:45:45","date_gmt":"2013-02-27T09:45:45","guid":{"rendered":"http:\/\/magenarquitectos.wordpress.com\/?p=5773"},"modified":"2021-06-17T10:07:14","modified_gmt":"2021-06-17T10:07:14","slug":"magen-arquitectos-participa-en-la-estrategia-aragonesa-de-cambio-climatico-y-energias-limpias","status":"publish","type":"post","link":"https:\/\/magenarquitectos.com\/en\/magen-arquitectos-participa-en-la-estrategia-aragonesa-de-cambio-climatico-y-energias-limpias\/","title":{"rendered":"Mag\u00e9n Arquitectos participa en la Estrategia Aragonesa de Cambio Clim\u00e1tico y Energ\u00edas Limpias"},"content":{"rendered":"<p><a href=\"https:\/\/magenarquitectos.com\/wp-content\/uploads\/2021\/06\/jornadaeaccel1.jpg\"><img loading=\"lazy\" class=\"size-full wp-image-8173 aligncenter\" src=\"https:\/\/magenarquitectos.com\/wp-content\/uploads\/2021\/06\/jornadaeaccel1.jpg\" alt=\"Jornadaeaccel.pdf\" width=\"600\" height=\"277\" title=\"\"><\/a><\/p>\n<p>La Estrategia Aragonesa de Cambio Clim\u00e1tico y Energ\u00edas Limpias (EACCEL) aborda las referencias generales que sit\u00faan el cambio clim\u00e1tico en el contexto concreto de Arag\u00f3n, su socioeconom\u00eda, demograf\u00eda y clima, analizando las emisiones de gases de efecto invernadero en Arag\u00f3n y realizando un detallado an\u00e1lisis de los principales sectores econ\u00f3micos\u00a0 implicados en el cambio clim\u00e1tico en Arag\u00f3n.<\/p>\n<p>Mag\u00e9n Arquitectos participa\u00a0en la Estrategia Aragonesa de Cambio Clim\u00e1tico y Energ\u00edas Limpias, como entidad adherida en el nivel de compromiso n\u00ba1,\u00a0\u00a0desde su condici\u00f3n de consultor experimentado en el campo de la eficiencia energ\u00e9tica y el uso de energ\u00edas renovables en la edificaci\u00f3n, habiendo desarrollado proyectos reconocidos y premiados internacionalmente por su car\u00e1cter innovador en el campo del ahorro energ\u00e9tico y las tecnolog\u00edas de energ\u00edas renovables.<\/p>\n<p>The Aragonese Strategy for Climate Change and Rewenable Energies (EACCEL) addresses general references to climate change in the specific context of Aragon, analyzing emissions of greenhouse gases in Aragon and performing a detailed analysis of the main economic sectors involved in climate change in Aragon.<\/p>\n<p>Magen Arquitectos participates in the Aragonese Strategy for Climate Change and Renewable Energies, as an entity attached to the commitment level # 1, as an experienced consultant in the field of energy efficiency and renewable energy use in buildings, having developed projects internationally recognized for its innovation in the field of energy saving and renewable energy technologies.<\/p>\n<p><strong>Reconocimientos en el campo de la sostenibilidad<br \/>\n<\/strong><\/p>\n<p>Medalla de Oro Giancarlo Ius 2011, otorgado por la Bienal Internacional de Arquitectura Barbara Cappochin y la Uni\u00f3n Internacional de Arquitectos, al edificio m\u00e1s innovador en el campo del ahorro energ\u00e9tico y la integraci\u00f3n de las energ\u00edas renovables en la edificaci\u00f3n. Padova, 2011.<\/p>\n<p>Primer Premio Arquitectura Sostenible. Premios Arquitectura Plus 2011. Barcelona, 2011.<\/p>\n<p>XXV Premio \u201cFernando Garc\u00eda Mercadal\u201d. Colegio Oficial de Arquitectos de Arag\u00f3n. Acc\u00e9sit Arquitectura Medioambiental. Zaragoza, 2010.<\/p>\n<p>VII Premio Internacional de Arquitectura Sostenible Fassa Bortolo. Menci\u00f3n. 2010.<\/p>\n<p><strong>Awards related to Sustainablity<br \/>\n<\/strong><\/p>\n<p>Giancarlo Ius Gold Medal 2011, awarded by the International Biennale of Architecure Barbara Cappochin and the International Union of Architects, to the\u00a0 most innovative building in the field of energy saving and integration of renewable energies\u00a0 in building design. Padova, 2011.<\/p>\n<p>First Prize for Sustainable Architecture. Architecture Plus Awards 2011. Barcelona, \u200b\u200b2011.<\/p>\n<p>XXV Prize \u201cFernando Garc\u00eda Mercadal\u201d. Institute of Architects of Aragon. Accesit Sustainable Architecture. Zaragoza, 2010.<\/p>\n<p>VII International Award for Sustainable Architecture Fassa Bortolo. Mention.. 2010.<\/p>\n","protected":false},"excerpt":{"rendered":"<p>La Estrategia Aragonesa de Cambio Clim\u00e1tico y Energ\u00edas Limpias (EACCEL) aborda las referencias generales que sit\u00faan el cambio clim\u00e1tico en el contexto concreto de Arag\u00f3n, su socioeconom\u00eda, demograf\u00eda y clima, analizando las emisiones de gases de efecto invernadero en Arag\u00f3n y realizando un detallado an\u00e1lisis de los principales sectores econ\u00f3micos\u00a0 implicados en el cambio clim\u00e1tico [&hellip;]<\/p>\n","protected":false},"author":1,"featured_media":0,"comment_status":"open","ping_status":"open","sticky":false,"template":"","format":"standard","meta":{"_monsterinsights_skip_tracking":false,"_monsterinsights_sitenote_active":false,"_monsterinsights_sitenote_note":"","_monsterinsights_sitenote_category":0},"categories":[76,78],"tags":[115,82,83,74],"_links":{"self":[{"href":"https:\/\/magenarquitectos.com\/en\/wp-json\/wp\/v2\/posts\/5773"}],"collection":[{"href":"https:\/\/magenarquitectos.com\/en\/wp-json\/wp\/v2\/posts"}],"about":[{"href":"https:\/\/magenarquitectos.com\/en\/wp-json\/wp\/v2\/types\/post"}],"author":[{"embeddable":true,"href":"https:\/\/magenarquitectos.com\/en\/wp-json\/wp\/v2\/users\/1"}],"replies":[{"embeddable":true,"href":"https:\/\/magenarquitectos.com\/en\/wp-json\/wp\/v2\/comments?post=5773"}],"version-history":[{"count":1,"href":"https:\/\/magenarquitectos.com\/en\/wp-json\/wp\/v2\/posts\/5773\/revisions"}],"predecessor-version":[{"id":13262,"href":"https:\/\/magenarquitectos.com\/en\/wp-json\/wp\/v2\/posts\/5773\/revisions\/13262"}],"wp:attachment":[{"href":"https:\/\/magenarquitectos.com\/en\/wp-json\/wp\/v2\/media?parent=5773"}],"wp:term":[{"taxonomy":"category","embeddable":true,"href":"https:\/\/magenarquitectos.com\/en\/wp-json\/wp\/v2\/categories?post=5773"},{"taxonomy":"post_tag","embeddable":true,"href":"https:\/\/magenarquitectos.com\/en\/wp-json\/wp\/v2\/tags?post=5773"}],"curies":[{"name":"wp","href":"https:\/\/api.w.org\/{rel}","templated":true}]}}