{"id":5851,"date":"2013-03-01T09:00:26","date_gmt":"2013-03-01T09:00:26","guid":{"rendered":"http:\/\/magenarquitectos.wordpress.com\/?p=5851"},"modified":"2021-06-17T10:07:14","modified_gmt":"2021-06-17T10:07:14","slug":"mesa-redonda-hacia-la-sostenibilidad-en-la-arquitectura-oportunidades-y-retos","status":"publish","type":"post","link":"https:\/\/magenarquitectos.com\/en\/mesa-redonda-hacia-la-sostenibilidad-en-la-arquitectura-oportunidades-y-retos\/","title":{"rendered":"Mesa redonda &#8220;Hacia la Sostenibilidad en la Arquitectura. Oportunidades y retos&#8221;"},"content":{"rendered":"<p>Jaime Mag\u00e9n, co-director de Mag\u00e9n Arquitectos, participar\u00e1 en la Mesa Redonda &#8220;Hacia la Sostenibilidad en la Arquitectura. Oportunidades y retos&#8221;, que se celebrar\u00e1 el pr\u00f3ximo mi\u00e9rcoles 6 de marzo a las 19.00h en la Delegaci\u00f3n Bizkaia del Colegio de Arquitectos Vasco-navarro (Avda. Mazarredo, 69-71, bajo, Bilbao).<br \/>\n+ info: http:\/\/www.unav.edu\/web\/escuela-tecnica-superior-de-arquitectura\/detalle-noticia-pestana?articleId=2215511<\/p>\n<p>Jaime Mag\u00e9n, co-principal of Magen Arquitectos, will participate in the Roundtable &#8220;Towards Sustainability in Architecture. Oportunities and challenges&#8221;, to hold next Wednesday 6th March at 7pm in Bizkaia seat of Basque-Navarre Institute of Architects.<\/p>\n<p><a href=\"https:\/\/magenarquitectos.com\/wp-content\/uploads\/2021\/06\/mesaredonda_sostenibilidad.jpg\"><img loading=\"lazy\" class=\"size-full wp-image-8118 aligncenter\" src=\"https:\/\/magenarquitectos.com\/wp-content\/uploads\/2021\/06\/mesaredonda_sostenibilidad.jpg\" alt=\"Magen Arquitectos Zaragoza\" width=\"586\" height=\"783\" title=\"\"><\/a><\/p>\n","protected":false},"excerpt":{"rendered":"<p>Jaime Mag\u00e9n, co-director de Mag\u00e9n Arquitectos, participar\u00e1 en la Mesa Redonda &#8220;Hacia la Sostenibilidad en la Arquitectura. Oportunidades y retos&#8221;, que se celebrar\u00e1 el pr\u00f3ximo mi\u00e9rcoles 6 de marzo a las 19.00h en la Delegaci\u00f3n Bizkaia del Colegio de Arquitectos Vasco-navarro (Avda. Mazarredo, 69-71, bajo, Bilbao). + info: http:\/\/www.unav.edu\/web\/escuela-tecnica-superior-de-arquitectura\/detalle-noticia-pestana?articleId=2215511 Jaime Mag\u00e9n, co-principal of Magen Arquitectos, [&hellip;]<\/p>\n","protected":false},"author":1,"featured_media":0,"comment_status":"open","ping_status":"open","sticky":false,"template":"","format":"standard","meta":{"_monsterinsights_skip_tracking":false,"_monsterinsights_sitenote_active":false,"_monsterinsights_sitenote_note":"","_monsterinsights_sitenote_category":0},"categories":[76,78,130,131],"tags":[115,129,79,81,82,83,74],"_links":{"self":[{"href":"https:\/\/magenarquitectos.com\/en\/wp-json\/wp\/v2\/posts\/5851"}],"collection":[{"href":"https:\/\/magenarquitectos.com\/en\/wp-json\/wp\/v2\/posts"}],"about":[{"href":"https:\/\/magenarquitectos.com\/en\/wp-json\/wp\/v2\/types\/post"}],"author":[{"embeddable":true,"href":"https:\/\/magenarquitectos.com\/en\/wp-json\/wp\/v2\/users\/1"}],"replies":[{"embeddable":true,"href":"https:\/\/magenarquitectos.com\/en\/wp-json\/wp\/v2\/comments?post=5851"}],"version-history":[{"count":1,"href":"https:\/\/magenarquitectos.com\/en\/wp-json\/wp\/v2\/posts\/5851\/revisions"}],"predecessor-version":[{"id":13259,"href":"https:\/\/magenarquitectos.com\/en\/wp-json\/wp\/v2\/posts\/5851\/revisions\/13259"}],"wp:attachment":[{"href":"https:\/\/magenarquitectos.com\/en\/wp-json\/wp\/v2\/media?parent=5851"}],"wp:term":[{"taxonomy":"category","embeddable":true,"href":"https:\/\/magenarquitectos.com\/en\/wp-json\/wp\/v2\/categories?post=5851"},{"taxonomy":"post_tag","embeddable":true,"href":"https:\/\/magenarquitectos.com\/en\/wp-json\/wp\/v2\/tags?post=5851"}],"curies":[{"name":"wp","href":"https:\/\/api.w.org\/{rel}","templated":true}]}}