{"id":5917,"date":"2013-03-15T13:19:44","date_gmt":"2013-03-15T13:19:44","guid":{"rendered":"http:\/\/magenarquitectos.wordpress.com\/?p=5917"},"modified":"2021-06-17T10:07:13","modified_gmt":"2021-06-17T10:07:13","slug":"video-construccion-del-cep-rosales-del-canal-zaragoza","status":"publish","type":"post","link":"https:\/\/magenarquitectos.com\/en\/video-construccion-del-cep-rosales-del-canal-zaragoza\/","title":{"rendered":"V\u00eddeo: Construcci\u00f3n del CEP Rosales del Canal. Zaragoza."},"content":{"rendered":"<p>Montaje audiovisual de fotograf\u00edas de las obras. Audiovisual editing of the construction process.<\/p>\n<p><a href=\"http:\/\/www.youtube.com\/watch?v=WhmM6kzjDb8&amp;feature=youtu.be\" rel=\"nofollow noopener\" target=\"_blank\"><img loading=\"lazy\" class=\" wp-image-635 aligncenter\" src=\"https:\/\/magenarquitectos.com\/wp-content\/uploads\/2021\/06\/cons_rosales_prim.jpg\" alt=\"Magen Arquitectos. Zaragoza\" width=\"655\" height=\"406\" title=\"\"><\/a><\/p>\n<p>+info: <a href=\"http:\/\/magenarquitectos.com\/c-e-i-p-rosales-del-canal\/\">CEIP Rosales del Canal<\/a>, <a href=\"http:\/\/english.magenarquitectos.com\/school-complex-rosales-del-canal\/\">School complex Rosales del Canal<\/a>,<\/p>\n","protected":false},"excerpt":{"rendered":"<p>Montaje audiovisual de fotograf\u00edas de las obras. Audiovisual editing of the construction process. +info: CEIP Rosales del Canal, School complex Rosales del Canal,<\/p>\n","protected":false},"author":1,"featured_media":0,"comment_status":"open","ping_status":"open","sticky":false,"template":"","format":"standard","meta":{"_monsterinsights_skip_tracking":false,"_monsterinsights_sitenote_active":false,"_monsterinsights_sitenote_note":"","_monsterinsights_sitenote_category":0},"categories":[97,65,139,146],"tags":[115,134,80,140,141,176,143,74],"_links":{"self":[{"href":"https:\/\/magenarquitectos.com\/en\/wp-json\/wp\/v2\/posts\/5917"}],"collection":[{"href":"https:\/\/magenarquitectos.com\/en\/wp-json\/wp\/v2\/posts"}],"about":[{"href":"https:\/\/magenarquitectos.com\/en\/wp-json\/wp\/v2\/types\/post"}],"author":[{"embeddable":true,"href":"https:\/\/magenarquitectos.com\/en\/wp-json\/wp\/v2\/users\/1"}],"replies":[{"embeddable":true,"href":"https:\/\/magenarquitectos.com\/en\/wp-json\/wp\/v2\/comments?post=5917"}],"version-history":[{"count":1,"href":"https:\/\/magenarquitectos.com\/en\/wp-json\/wp\/v2\/posts\/5917\/revisions"}],"predecessor-version":[{"id":13250,"href":"https:\/\/magenarquitectos.com\/en\/wp-json\/wp\/v2\/posts\/5917\/revisions\/13250"}],"wp:attachment":[{"href":"https:\/\/magenarquitectos.com\/en\/wp-json\/wp\/v2\/media?parent=5917"}],"wp:term":[{"taxonomy":"category","embeddable":true,"href":"https:\/\/magenarquitectos.com\/en\/wp-json\/wp\/v2\/categories?post=5917"},{"taxonomy":"post_tag","embeddable":true,"href":"https:\/\/magenarquitectos.com\/en\/wp-json\/wp\/v2\/tags?post=5917"}],"curies":[{"name":"wp","href":"https:\/\/api.w.org\/{rel}","templated":true}]}}