{"id":5927,"date":"2013-03-17T19:43:03","date_gmt":"2013-03-17T19:43:03","guid":{"rendered":"http:\/\/magenarquitectos.wordpress.com\/?p=5927"},"modified":"2021-06-17T10:06:31","modified_gmt":"2021-06-17T10:06:31","slug":"proximas-conferencias-next-lectures-sevilla-katowice-pamplona-2","status":"publish","type":"post","link":"https:\/\/magenarquitectos.com\/en\/proximas-conferencias-next-lectures-sevilla-katowice-pamplona-2\/","title":{"rendered":"Pr\u00f3ximas Conferencias. Next Lectures: Sevilla, Katowice, Pamplona"},"content":{"rendered":"<p><a href=\"https:\/\/magenarquitectos.com\/wp-content\/uploads\/2021\/06\/magen_41.jpg\"><img loading=\"lazy\" class=\"size-full wp-image-8131 aligncenter\" src=\"https:\/\/magenarquitectos.com\/wp-content\/uploads\/2021\/06\/magen_41.jpg\" alt=\"magen_4\" width=\"660\" height=\"431\" title=\"\"><\/a><\/p>\n<p>14\/05\/2013: Conferencia del ciclo NOON sobre Cultura Contempor\u00e1nea, en la Escuela de Arquitectura de la Universidad de Sevilla,<br \/>\nMag\u00e9n Arquitectos will give a lecture at the School of Architecture of Sevilla. The lecture is part of the series &#8220;Noon&#8221; on Contemporary Culture.<\/p>\n<p>23\/05\/2013: Conferencia del ciclo &#8220;Masters of Architecture&#8221; organizado por la Asociaci\u00f3n de Arquitectos Polacos (SARP) en Katowice (Polonia)<br \/>\nLecture at the SARP Architecture Centre in Katowice, Poland. The lecture is part of the series &#8220;Masters of Architecture&#8221;.<\/p>\n<p>27\/06\/2013: Conferencia de clausura del M\u00e1ster en Dise\u00f1o y Gesti\u00f3n Ambiental de Edificios de la Escuela de Arquitectura de la Universidad de Navarra, en Pamplona.<br \/>\nLecture at the School of Architecture of the University of Navarra (Pamplona). It will be the closing lecture of the Master\u00b4s Degree in Environmental Management and Building Design.<\/p>\n","protected":false},"excerpt":{"rendered":"<p>14\/05\/2013: Conferencia del ciclo NOON sobre Cultura Contempor\u00e1nea, en la Escuela de Arquitectura de la Universidad de Sevilla, Mag\u00e9n Arquitectos will give a lecture at the School of Architecture of Sevilla. The lecture is part of the series &#8220;Noon&#8221; on Contemporary Culture. 23\/05\/2013: Conferencia del ciclo &#8220;Masters of Architecture&#8221; organizado por la Asociaci\u00f3n de Arquitectos [&hellip;]<\/p>\n","protected":false},"author":1,"featured_media":0,"comment_status":"open","ping_status":"open","sticky":false,"template":"","format":"image","meta":{"_monsterinsights_skip_tracking":false,"_monsterinsights_sitenote_active":false,"_monsterinsights_sitenote_note":"","_monsterinsights_sitenote_category":0},"categories":[196,76,78,66,67,139],"tags":[115,129,167,74],"_links":{"self":[{"href":"https:\/\/magenarquitectos.com\/en\/wp-json\/wp\/v2\/posts\/5927"}],"collection":[{"href":"https:\/\/magenarquitectos.com\/en\/wp-json\/wp\/v2\/posts"}],"about":[{"href":"https:\/\/magenarquitectos.com\/en\/wp-json\/wp\/v2\/types\/post"}],"author":[{"embeddable":true,"href":"https:\/\/magenarquitectos.com\/en\/wp-json\/wp\/v2\/users\/1"}],"replies":[{"embeddable":true,"href":"https:\/\/magenarquitectos.com\/en\/wp-json\/wp\/v2\/comments?post=5927"}],"version-history":[{"count":1,"href":"https:\/\/magenarquitectos.com\/en\/wp-json\/wp\/v2\/posts\/5927\/revisions"}],"predecessor-version":[{"id":13247,"href":"https:\/\/magenarquitectos.com\/en\/wp-json\/wp\/v2\/posts\/5927\/revisions\/13247"}],"wp:attachment":[{"href":"https:\/\/magenarquitectos.com\/en\/wp-json\/wp\/v2\/media?parent=5927"}],"wp:term":[{"taxonomy":"category","embeddable":true,"href":"https:\/\/magenarquitectos.com\/en\/wp-json\/wp\/v2\/categories?post=5927"},{"taxonomy":"post_tag","embeddable":true,"href":"https:\/\/magenarquitectos.com\/en\/wp-json\/wp\/v2\/tags?post=5927"}],"curies":[{"name":"wp","href":"https:\/\/api.w.org\/{rel}","templated":true}]}}