{"id":6028,"date":"2013-04-08T09:00:55","date_gmt":"2013-04-08T09:00:55","guid":{"rendered":"http:\/\/magenarquitectos.wordpress.com\/?p=6028"},"modified":"2021-06-17T10:06:30","modified_gmt":"2021-06-17T10:06:30","slug":"el-ceip-rosales-del-canal-finalista-en-los-ix-premios-3-de-abril-de-arquitectura-y-urbanismo","status":"publish","type":"post","link":"https:\/\/magenarquitectos.com\/en\/el-ceip-rosales-del-canal-finalista-en-los-ix-premios-3-de-abril-de-arquitectura-y-urbanismo\/","title":{"rendered":"EL CEIP Rosales del Canal, finalista en los IX Premios 3 de Abril de Arquitectura y Urbanismo."},"content":{"rendered":"<p>El Centro de Educaci\u00f3n Infantil y Primaria Rosales del Canal ha sido seleccionado como finalista de los premios 3 de Abril en la categor\u00eda de Urbanismo y Arquitectura. Los ganadores se conocer\u00e1n el 11 de Abril.<\/p>\n<p>Rosales del Canal School Complex, by Mag\u00e9n Arquitectos, Finalist in &#8220;3 de Abril&#8221; Awards in Category Urbanism and Architecture. Winners to be announced at 11th April.<\/p>\n<p><a href=\"https:\/\/magenarquitectos.com\/wp-content\/uploads\/2021\/06\/20130328-024907.jpg\"><img loading=\"lazy\" class=\"size-full wp-image-8150 aligncenter\" src=\"https:\/\/magenarquitectos.com\/wp-content\/uploads\/2021\/06\/20130328-024907.jpg\" alt=\"20130328-024907\" width=\"560\" height=\"250\" title=\"\"><\/a><\/p>\n<p>+info: <a href=\"http:\/\/magenarquitectos.com\/c-e-i-p-rosales-del-canal\/\">CEIP Rosales del Canal<\/a>, <a href=\"http:\/\/english.magenarquitectos.com\/school-complex-rosales-del-canal\/\">School complex Rosales del Canal<\/a>,<\/p>\n","protected":false},"excerpt":{"rendered":"<p>El Centro de Educaci\u00f3n Infantil y Primaria Rosales del Canal ha sido seleccionado como finalista de los premios 3 de Abril en la categor\u00eda de Urbanismo y Arquitectura. Los ganadores se conocer\u00e1n el 11 de Abril. Rosales del Canal School Complex, by Mag\u00e9n Arquitectos, Finalist in &#8220;3 de Abril&#8221; Awards in Category Urbanism and Architecture. [&hellip;]<\/p>\n","protected":false},"author":1,"featured_media":0,"comment_status":"open","ping_status":"open","sticky":false,"template":"","format":"standard","meta":{"_monsterinsights_skip_tracking":false,"_monsterinsights_sitenote_active":false,"_monsterinsights_sitenote_note":"","_monsterinsights_sitenote_category":0},"categories":[65,139,113],"tags":[115,134,80,140,141,142,70,176,143,74],"_links":{"self":[{"href":"https:\/\/magenarquitectos.com\/en\/wp-json\/wp\/v2\/posts\/6028"}],"collection":[{"href":"https:\/\/magenarquitectos.com\/en\/wp-json\/wp\/v2\/posts"}],"about":[{"href":"https:\/\/magenarquitectos.com\/en\/wp-json\/wp\/v2\/types\/post"}],"author":[{"embeddable":true,"href":"https:\/\/magenarquitectos.com\/en\/wp-json\/wp\/v2\/users\/1"}],"replies":[{"embeddable":true,"href":"https:\/\/magenarquitectos.com\/en\/wp-json\/wp\/v2\/comments?post=6028"}],"version-history":[{"count":1,"href":"https:\/\/magenarquitectos.com\/en\/wp-json\/wp\/v2\/posts\/6028\/revisions"}],"predecessor-version":[{"id":13238,"href":"https:\/\/magenarquitectos.com\/en\/wp-json\/wp\/v2\/posts\/6028\/revisions\/13238"}],"wp:attachment":[{"href":"https:\/\/magenarquitectos.com\/en\/wp-json\/wp\/v2\/media?parent=6028"}],"wp:term":[{"taxonomy":"category","embeddable":true,"href":"https:\/\/magenarquitectos.com\/en\/wp-json\/wp\/v2\/categories?post=6028"},{"taxonomy":"post_tag","embeddable":true,"href":"https:\/\/magenarquitectos.com\/en\/wp-json\/wp\/v2\/tags?post=6028"}],"curies":[{"name":"wp","href":"https:\/\/api.w.org\/{rel}","templated":true}]}}