{"id":6064,"date":"2013-04-11T09:00:39","date_gmt":"2013-04-11T09:00:39","guid":{"rendered":"http:\/\/magenarquitectos.wordpress.com\/?p=6064"},"modified":"2021-06-17T10:06:30","modified_gmt":"2021-06-17T10:06:30","slug":"exposicion-en-la-maison-de-larchitecture-midi-pyrenees-toulouse","status":"publish","type":"post","link":"https:\/\/magenarquitectos.com\/en\/exposicion-en-la-maison-de-larchitecture-midi-pyrenees-toulouse\/","title":{"rendered":"Exposici\u00f3n en la Maison de l`Architecture Midi-Pyr\u00e9n\u00e9es. Toulouse."},"content":{"rendered":"<p>La exposici\u00f3n del XXVI Premio Garc\u00eda Mercadal se podr\u00e1 visitar en la Maison de l`Architecture Midi-Pyr\u00e9n\u00e9es en Toulouse\u00a0 desde\u00a0 el 11 de abril al 7 de mayo de 2013. Entre las obras expuestas, se encuentra la Sede de la Comarca del Bajo Mart\u00edn, de Mag\u00e9n Arquitectos.<\/p>\n<p>XXVI Garcia Mercadal Prize will be exhibited in the Maison de l`Architecture Midi-Pyr\u00e9n\u00e9es in Toulouse from 11th April to 7th May. Bajo Martin County Seat, by Magen Arquitectos\u00a0 is among the exhibited works.<\/p>\n<p><a href=\"https:\/\/magenarquitectos.com\/wp-content\/uploads\/2021\/06\/exposaragosse11.jpg\"><img loading=\"lazy\" class=\"size-full wp-image-8152 aligncenter\" src=\"https:\/\/magenarquitectos.com\/wp-content\/uploads\/2021\/06\/exposaragosse11.jpg\" alt=\"exposaragosse1\" width=\"660\" height=\"471\" title=\"\"><\/a><\/p>\n<p>+info: <a href=\"http:\/\/magenarquitectos.wordpress.com\/sede-de-la-comarca-del-bajo-martin-hijar-teruel\/\" rel=\"nofollow noopener\" target=\"_blank\">Sede de la Comarca del Bajo Martin<\/a>, <a href=\"http:\/\/magenarquitectos.wordpress.com\/bajo-martin-county-seat-hijar-teruel\/\" rel=\"nofollow noopener\" target=\"_blank\">Bajo Martin County Seat<\/a><\/p>\n","protected":false},"excerpt":{"rendered":"<p>La exposici\u00f3n del XXVI Premio Garc\u00eda Mercadal se podr\u00e1 visitar en la Maison de l`Architecture Midi-Pyr\u00e9n\u00e9es en Toulouse\u00a0 desde\u00a0 el 11 de abril al 7 de mayo de 2013. Entre las obras expuestas, se encuentra la Sede de la Comarca del Bajo Mart\u00edn, de Mag\u00e9n Arquitectos. XXVI Garcia Mercadal Prize will be exhibited in the [&hellip;]<\/p>\n","protected":false},"author":1,"featured_media":0,"comment_status":"open","ping_status":"open","sticky":false,"template":"","format":"standard","meta":{"_monsterinsights_skip_tracking":false,"_monsterinsights_sitenote_active":false,"_monsterinsights_sitenote_note":"","_monsterinsights_sitenote_category":0},"categories":[77,65,69,113],"tags":[100,101,115,62,102,148,70,105,74],"_links":{"self":[{"href":"https:\/\/magenarquitectos.com\/en\/wp-json\/wp\/v2\/posts\/6064"}],"collection":[{"href":"https:\/\/magenarquitectos.com\/en\/wp-json\/wp\/v2\/posts"}],"about":[{"href":"https:\/\/magenarquitectos.com\/en\/wp-json\/wp\/v2\/types\/post"}],"author":[{"embeddable":true,"href":"https:\/\/magenarquitectos.com\/en\/wp-json\/wp\/v2\/users\/1"}],"replies":[{"embeddable":true,"href":"https:\/\/magenarquitectos.com\/en\/wp-json\/wp\/v2\/comments?post=6064"}],"version-history":[{"count":1,"href":"https:\/\/magenarquitectos.com\/en\/wp-json\/wp\/v2\/posts\/6064\/revisions"}],"predecessor-version":[{"id":13235,"href":"https:\/\/magenarquitectos.com\/en\/wp-json\/wp\/v2\/posts\/6064\/revisions\/13235"}],"wp:attachment":[{"href":"https:\/\/magenarquitectos.com\/en\/wp-json\/wp\/v2\/media?parent=6064"}],"wp:term":[{"taxonomy":"category","embeddable":true,"href":"https:\/\/magenarquitectos.com\/en\/wp-json\/wp\/v2\/categories?post=6064"},{"taxonomy":"post_tag","embeddable":true,"href":"https:\/\/magenarquitectos.com\/en\/wp-json\/wp\/v2\/tags?post=6064"}],"curies":[{"name":"wp","href":"https:\/\/api.w.org\/{rel}","templated":true}]}}