{"id":61,"date":"2008-08-27T12:39:14","date_gmt":"2008-08-27T12:39:14","guid":{"rendered":"http:\/\/magenarquitectos.wordpress.com\/?p=61"},"modified":"2021-06-17T10:31:55","modified_gmt":"2021-06-17T10:31:55","slug":"publicado-en-conarquitectura-n%c2%ba-20-el-edificio-de-68-vpo-en-zaragoza","status":"publish","type":"post","link":"https:\/\/magenarquitectos.com\/en\/publicado-en-conarquitectura-n%c2%ba-20-el-edificio-de-68-vpo-en-zaragoza\/","title":{"rendered":"El Edificio de 68 VPO en Zaragoza publicado en Conarquitectura n\u00ba 20"},"content":{"rendered":"<p><img loading=\"lazy\" class=\"alignnone size-full wp-image-62\" src=\"http:\/\/magenarquitectos.files.wordpress.com\/2008\/08\/noticias_29_1_med.jpg\" alt=\"\" width=\"181\" height=\"250\" title=\"\"><\/p>\n<p>(20\/10\/2006).- El n\u00famero 20 de la revista Conarquitectura, de Octubre de 2006, publica un reportaje sobre el Edificio de 68 Viviendas de Protecci\u00f3n Oficial en la Calle Biescas de Zaragoza, promovido por la Sociedad Municipal de Rehabilitaci\u00f3n Urbana (SMRUZ).<\/p>\n<p>68 Social Housing in Zaragoza, by Mag\u00e9n Arquitectos, published in magazine Conarquitectura, n\u00ba 20.<\/p>\n","protected":false},"excerpt":{"rendered":"<p>(20\/10\/2006).- El n\u00famero 20 de la revista Conarquitectura, de Octubre de 2006, publica un reportaje sobre el Edificio de 68 Viviendas de Protecci\u00f3n Oficial en la Calle Biescas de Zaragoza, promovido por la Sociedad Municipal de Rehabilitaci\u00f3n Urbana (SMRUZ). 68 Social Housing in Zaragoza, by Mag\u00e9n Arquitectos, published in magazine Conarquitectura, n\u00ba 20.<\/p>\n","protected":false},"author":1,"featured_media":0,"comment_status":"open","ping_status":"open","sticky":false,"template":"","format":"standard","meta":{"_monsterinsights_skip_tracking":false,"_monsterinsights_sitenote_active":false,"_monsterinsights_sitenote_note":"","_monsterinsights_sitenote_category":0},"categories":[90,95],"tags":[87,89,98,96,99,74],"_links":{"self":[{"href":"https:\/\/magenarquitectos.com\/en\/wp-json\/wp\/v2\/posts\/61"}],"collection":[{"href":"https:\/\/magenarquitectos.com\/en\/wp-json\/wp\/v2\/posts"}],"about":[{"href":"https:\/\/magenarquitectos.com\/en\/wp-json\/wp\/v2\/types\/post"}],"author":[{"embeddable":true,"href":"https:\/\/magenarquitectos.com\/en\/wp-json\/wp\/v2\/users\/1"}],"replies":[{"embeddable":true,"href":"https:\/\/magenarquitectos.com\/en\/wp-json\/wp\/v2\/comments?post=61"}],"version-history":[{"count":1,"href":"https:\/\/magenarquitectos.com\/en\/wp-json\/wp\/v2\/posts\/61\/revisions"}],"predecessor-version":[{"id":14014,"href":"https:\/\/magenarquitectos.com\/en\/wp-json\/wp\/v2\/posts\/61\/revisions\/14014"}],"wp:attachment":[{"href":"https:\/\/magenarquitectos.com\/en\/wp-json\/wp\/v2\/media?parent=61"}],"wp:term":[{"taxonomy":"category","embeddable":true,"href":"https:\/\/magenarquitectos.com\/en\/wp-json\/wp\/v2\/categories?post=61"},{"taxonomy":"post_tag","embeddable":true,"href":"https:\/\/magenarquitectos.com\/en\/wp-json\/wp\/v2\/tags?post=61"}],"curies":[{"name":"wp","href":"https:\/\/api.w.org\/{rel}","templated":true}]}}