{"id":6150,"date":"2013-04-24T08:50:43","date_gmt":"2013-04-24T08:50:43","guid":{"rendered":"http:\/\/magenarquitectos.wordpress.com\/?p=6150"},"modified":"2021-06-17T10:06:29","modified_gmt":"2021-06-17T10:06:29","slug":"jornada-ruido-educacion-ingenieria-y-arquitectura-eina-universidad-de-zaragoza","status":"publish","type":"post","link":"https:\/\/magenarquitectos.com\/en\/jornada-ruido-educacion-ingenieria-y-arquitectura-eina-universidad-de-zaragoza\/","title":{"rendered":"Jornada Ruido y Educaci\u00f3n REIA 2013. EINA. Universidad de Zaragoza."},"content":{"rendered":"<p><a href=\"https:\/\/magenarquitectos.com\/wp-content\/uploads\/2021\/06\/programa-dia-del-ruido-120313-v011.jpg\"><img loading=\"lazy\" class=\"size-full wp-image-8142 aligncenter\" src=\"https:\/\/magenarquitectos.com\/wp-content\/uploads\/2021\/06\/programa-dia-del-ruido-120313-v011.jpg\" alt=\"programa-dia-del-ruido-120313-v01\" width=\"423\" height=\"362\" title=\"\"><\/a><\/p>\n<p>Jaime Mag\u00e9n Pardo participar\u00e1 con la ponencia &#8220;Ruido en centros educativos: la visi\u00f3n del Arquitecto&#8221; en la Jornada Ruido, Educaci\u00f3n, Ingenier\u00eda y Arquitectura (REIA 2013), organizada por el Grupo de Vibroac\u00fastica de la Universidad de Zaragoza, que se celebrar\u00e1 el d\u00eda 24 de Abril, entre las 18:00 y las 21:00 horas, en el Sal\u00f3n de Actos del Edificio Betancourt de la Escuela de Ingenier\u00eda y Arquitectura (EINA) de la Universidad de Zaragoza.<\/p>\n<p>Jaime Magen Pardo will participate in the Meeting Noise, Education, Engineering and Architecture with the lecture &#8220;Noise in educational buildings: Architect`s vision&#8221;. The Meeting is organized by the University of Zaragoza`s Vibroacustic Research Group and will be held 24th April, from 18:00 to 21:00 h, in Betancourt Building`s assembly hall of\u00a0 the Faculty of Engineering and Architecture (EINA) of the University of Zaragoza.<\/p>\n<p>+info: <a href=\"http:\/\/magenarquitectos.com\/c-e-i-p-rosales-del-canal\/\">CEIP Rosales del Canal<\/a>, <a href=\"http:\/\/english.magenarquitectos.com\/school-complex-rosales-del-canal\/\">School complex Rosales del Canal<\/a>,<\/p>\n","protected":false},"excerpt":{"rendered":"<p>Jaime Mag\u00e9n Pardo participar\u00e1 con la ponencia &#8220;Ruido en centros educativos: la visi\u00f3n del Arquitecto&#8221; en la Jornada Ruido, Educaci\u00f3n, Ingenier\u00eda y Arquitectura (REIA 2013), organizada por el Grupo de Vibroac\u00fastica de la Universidad de Zaragoza, que se celebrar\u00e1 el d\u00eda 24 de Abril, entre las 18:00 y las 21:00 horas, en el Sal\u00f3n de [&hellip;]<\/p>\n","protected":false},"author":1,"featured_media":0,"comment_status":"open","ping_status":"open","sticky":false,"template":"","format":"standard","meta":{"_monsterinsights_skip_tracking":false,"_monsterinsights_sitenote_active":false,"_monsterinsights_sitenote_note":"","_monsterinsights_sitenote_category":0},"categories":[164,65,139,130,131,165],"tags":[115,134,80,140,141,142,176,143,74],"_links":{"self":[{"href":"https:\/\/magenarquitectos.com\/en\/wp-json\/wp\/v2\/posts\/6150"}],"collection":[{"href":"https:\/\/magenarquitectos.com\/en\/wp-json\/wp\/v2\/posts"}],"about":[{"href":"https:\/\/magenarquitectos.com\/en\/wp-json\/wp\/v2\/types\/post"}],"author":[{"embeddable":true,"href":"https:\/\/magenarquitectos.com\/en\/wp-json\/wp\/v2\/users\/1"}],"replies":[{"embeddable":true,"href":"https:\/\/magenarquitectos.com\/en\/wp-json\/wp\/v2\/comments?post=6150"}],"version-history":[{"count":1,"href":"https:\/\/magenarquitectos.com\/en\/wp-json\/wp\/v2\/posts\/6150\/revisions"}],"predecessor-version":[{"id":13221,"href":"https:\/\/magenarquitectos.com\/en\/wp-json\/wp\/v2\/posts\/6150\/revisions\/13221"}],"wp:attachment":[{"href":"https:\/\/magenarquitectos.com\/en\/wp-json\/wp\/v2\/media?parent=6150"}],"wp:term":[{"taxonomy":"category","embeddable":true,"href":"https:\/\/magenarquitectos.com\/en\/wp-json\/wp\/v2\/categories?post=6150"},{"taxonomy":"post_tag","embeddable":true,"href":"https:\/\/magenarquitectos.com\/en\/wp-json\/wp\/v2\/tags?post=6150"}],"curies":[{"name":"wp","href":"https:\/\/api.w.org\/{rel}","templated":true}]}}