{"id":6215,"date":"2013-04-30T09:00:50","date_gmt":"2013-04-30T09:00:50","guid":{"rendered":"http:\/\/magenarquitectos.wordpress.com\/?p=6215"},"modified":"2021-06-17T10:06:28","modified_gmt":"2021-06-17T10:06:28","slug":"jornada-ruido-y-educacion-reia-2013","status":"publish","type":"post","link":"https:\/\/magenarquitectos.com\/en\/jornada-ruido-y-educacion-reia-2013\/","title":{"rendered":"Jornada Ruido y Educaci\u00f3n REIA 2013."},"content":{"rendered":"<p>Reportaje de Arag\u00f3n Televisi\u00f3n sobre la Jornada Ruido y Educaci\u00f3n REIA 2013.<\/p>\n<p>Arag\u00f3n Televisi\u00f3n focuses on the Meeting Noise and Education REIA 2013.<\/p>\n<p><a href=\"http:\/\/youtu.be\/pvIvdMeDcnU\" rel=\"nofollow noopener\" target=\"_blank\"><img loading=\"lazy\" class=\" wp-image-671 aligncenter\" src=\"https:\/\/magenarquitectos.com\/wp-content\/uploads\/2021\/06\/reia.jpg\" alt=\"Magen Arquitectos. Zaragoza\" width=\"662\" height=\"401\" title=\"\"><\/a><\/p>\n","protected":false},"excerpt":{"rendered":"<p>Reportaje de Arag\u00f3n Televisi\u00f3n sobre la Jornada Ruido y Educaci\u00f3n REIA 2013. Arag\u00f3n Televisi\u00f3n focuses on the Meeting Noise and Education REIA 2013.<\/p>\n","protected":false},"author":1,"featured_media":0,"comment_status":"open","ping_status":"open","sticky":false,"template":"","format":"standard","meta":{"_monsterinsights_skip_tracking":false,"_monsterinsights_sitenote_active":false,"_monsterinsights_sitenote_note":"","_monsterinsights_sitenote_category":0},"categories":[65,139,146],"tags":[115,134,80,140,141,176,143,74],"_links":{"self":[{"href":"https:\/\/magenarquitectos.com\/en\/wp-json\/wp\/v2\/posts\/6215"}],"collection":[{"href":"https:\/\/magenarquitectos.com\/en\/wp-json\/wp\/v2\/posts"}],"about":[{"href":"https:\/\/magenarquitectos.com\/en\/wp-json\/wp\/v2\/types\/post"}],"author":[{"embeddable":true,"href":"https:\/\/magenarquitectos.com\/en\/wp-json\/wp\/v2\/users\/1"}],"replies":[{"embeddable":true,"href":"https:\/\/magenarquitectos.com\/en\/wp-json\/wp\/v2\/comments?post=6215"}],"version-history":[{"count":1,"href":"https:\/\/magenarquitectos.com\/en\/wp-json\/wp\/v2\/posts\/6215\/revisions"}],"predecessor-version":[{"id":13218,"href":"https:\/\/magenarquitectos.com\/en\/wp-json\/wp\/v2\/posts\/6215\/revisions\/13218"}],"wp:attachment":[{"href":"https:\/\/magenarquitectos.com\/en\/wp-json\/wp\/v2\/media?parent=6215"}],"wp:term":[{"taxonomy":"category","embeddable":true,"href":"https:\/\/magenarquitectos.com\/en\/wp-json\/wp\/v2\/categories?post=6215"},{"taxonomy":"post_tag","embeddable":true,"href":"https:\/\/magenarquitectos.com\/en\/wp-json\/wp\/v2\/tags?post=6215"}],"curies":[{"name":"wp","href":"https:\/\/api.w.org\/{rel}","templated":true}]}}