{"id":6230,"date":"2013-05-10T10:03:18","date_gmt":"2013-05-10T10:03:18","guid":{"rendered":"http:\/\/magenarquitectos.wordpress.com\/?p=6230"},"modified":"2021-06-17T10:06:28","modified_gmt":"2021-06-17T10:06:28","slug":"conferencia-ets-arquitectura-de-sevilla","status":"publish","type":"post","link":"https:\/\/magenarquitectos.com\/en\/conferencia-ets-arquitectura-de-sevilla\/","title":{"rendered":"Pr\u00f3xima Conferencia: ETSA Sevilla 14.05.2013. Next Lecture"},"content":{"rendered":"<p><a href=\"https:\/\/magenarquitectos.com\/wp-content\/uploads\/2021\/06\/disec3b1o-noonlr.jpg\"><img loading=\"lazy\" class=\"size-full wp-image-8148 aligncenter\" src=\"https:\/\/magenarquitectos.com\/wp-content\/uploads\/2021\/06\/disec3b1o-noonlr.jpg\" alt=\"disec3b1o-noonlr\" width=\"482\" height=\"1023\" title=\"\"><\/a><\/p>\n<p>Jaime Mag\u00e9n presentar\u00e1 los \u00faltimos proyectos de Mag\u00e9n Arquitectos en la conferencia &#8220;Espacios compartidos&#8221;\u00a0 en la Escuela T\u00e9cnica Superior de Arquitectura de Sevilla el pr\u00f3ximo martes 14 de mayo, dentro del ciclo de conferncias Noon sobre cultura contempor\u00e1nea.<\/p>\n<p>Jaime Magen will present the latest works by Magen Arquitectos\u00a0 in the lecture &#8220;Shared spaces&#8221;\u00a0 given in the School of Architecture of\u00a0 Seville next Tuesday, 14th May. The conference is part of the &#8220;Noon&#8221; cycle, focused on contemporary culture.<\/p>\n","protected":false},"excerpt":{"rendered":"<p>Jaime Mag\u00e9n presentar\u00e1 los \u00faltimos proyectos de Mag\u00e9n Arquitectos en la conferencia &#8220;Espacios compartidos&#8221;\u00a0 en la Escuela T\u00e9cnica Superior de Arquitectura de Sevilla el pr\u00f3ximo martes 14 de mayo, dentro del ciclo de conferncias Noon sobre cultura contempor\u00e1nea. Jaime Magen will present the latest works by Magen Arquitectos\u00a0 in the lecture &#8220;Shared spaces&#8221;\u00a0 given in [&hellip;]<\/p>\n","protected":false},"author":1,"featured_media":0,"comment_status":"open","ping_status":"open","sticky":false,"template":"","format":"standard","meta":{"_monsterinsights_skip_tracking":false,"_monsterinsights_sitenote_active":false,"_monsterinsights_sitenote_note":"","_monsterinsights_sitenote_category":0},"categories":[196,164,165],"tags":[115,129,87,74],"_links":{"self":[{"href":"https:\/\/magenarquitectos.com\/en\/wp-json\/wp\/v2\/posts\/6230"}],"collection":[{"href":"https:\/\/magenarquitectos.com\/en\/wp-json\/wp\/v2\/posts"}],"about":[{"href":"https:\/\/magenarquitectos.com\/en\/wp-json\/wp\/v2\/types\/post"}],"author":[{"embeddable":true,"href":"https:\/\/magenarquitectos.com\/en\/wp-json\/wp\/v2\/users\/1"}],"replies":[{"embeddable":true,"href":"https:\/\/magenarquitectos.com\/en\/wp-json\/wp\/v2\/comments?post=6230"}],"version-history":[{"count":1,"href":"https:\/\/magenarquitectos.com\/en\/wp-json\/wp\/v2\/posts\/6230\/revisions"}],"predecessor-version":[{"id":13206,"href":"https:\/\/magenarquitectos.com\/en\/wp-json\/wp\/v2\/posts\/6230\/revisions\/13206"}],"wp:attachment":[{"href":"https:\/\/magenarquitectos.com\/en\/wp-json\/wp\/v2\/media?parent=6230"}],"wp:term":[{"taxonomy":"category","embeddable":true,"href":"https:\/\/magenarquitectos.com\/en\/wp-json\/wp\/v2\/categories?post=6230"},{"taxonomy":"post_tag","embeddable":true,"href":"https:\/\/magenarquitectos.com\/en\/wp-json\/wp\/v2\/tags?post=6230"}],"curies":[{"name":"wp","href":"https:\/\/api.w.org\/{rel}","templated":true}]}}