{"id":6301,"date":"2013-05-27T14:40:08","date_gmt":"2013-05-27T14:40:08","guid":{"rendered":"http:\/\/magenarquitectos.wordpress.com\/?p=6301"},"modified":"2021-06-17T10:06:27","modified_gmt":"2021-06-17T10:06:27","slug":"proxima-conferencia-huelva-29-05-2013-next-lecture","status":"publish","type":"post","link":"https:\/\/magenarquitectos.com\/en\/proxima-conferencia-huelva-29-05-2013-next-lecture\/","title":{"rendered":"Pr\u00f3xima Conferencia: COAH Huelva 29.05.2013. Next lecture"},"content":{"rendered":"<p><a href=\"https:\/\/magenarquitectos.com\/wp-content\/uploads\/2021\/06\/la-foto1.jpg\"><img loading=\"lazy\" class=\"size-full wp-image-8144 aligncenter\" src=\"https:\/\/magenarquitectos.com\/wp-content\/uploads\/2021\/06\/la-foto1.jpg\" alt=\"la-foto1\" width=\"660\" height=\"326\" title=\"\"><\/a><\/p>\n<p>Jaime Mag\u00e9n presentar\u00e1 los \u00faltimos proyectos de Mag\u00e9n Arquitectos en el Colegio de Arquitectos de Huelva el pr\u00f3ximo mi\u00e9rcoles 29 de mayo, dentro del ciclo de conferencias &#8220;Tres obras y un proyecto&#8221;.<\/p>\n<p>Jaime Magen will present the latest works by Magen Arquitectos\u00a0 in the Huelva Institue of Architects next Wednesday, 29th May. The conference is part of the cycle &#8220;three works and a project&#8221;.<\/p>\n","protected":false},"excerpt":{"rendered":"<p>Jaime Mag\u00e9n presentar\u00e1 los \u00faltimos proyectos de Mag\u00e9n Arquitectos en el Colegio de Arquitectos de Huelva el pr\u00f3ximo mi\u00e9rcoles 29 de mayo, dentro del ciclo de conferencias &#8220;Tres obras y un proyecto&#8221;. Jaime Magen will present the latest works by Magen Arquitectos\u00a0 in the Huelva Institue of Architects next Wednesday, 29th May. The conference is [&hellip;]<\/p>\n","protected":false},"author":1,"featured_media":0,"comment_status":"open","ping_status":"open","sticky":false,"template":"","format":"image","meta":{"_monsterinsights_skip_tracking":false,"_monsterinsights_sitenote_active":false,"_monsterinsights_sitenote_note":"","_monsterinsights_sitenote_category":0},"categories":[196],"tags":[115,129,87,74],"_links":{"self":[{"href":"https:\/\/magenarquitectos.com\/en\/wp-json\/wp\/v2\/posts\/6301"}],"collection":[{"href":"https:\/\/magenarquitectos.com\/en\/wp-json\/wp\/v2\/posts"}],"about":[{"href":"https:\/\/magenarquitectos.com\/en\/wp-json\/wp\/v2\/types\/post"}],"author":[{"embeddable":true,"href":"https:\/\/magenarquitectos.com\/en\/wp-json\/wp\/v2\/users\/1"}],"replies":[{"embeddable":true,"href":"https:\/\/magenarquitectos.com\/en\/wp-json\/wp\/v2\/comments?post=6301"}],"version-history":[{"count":1,"href":"https:\/\/magenarquitectos.com\/en\/wp-json\/wp\/v2\/posts\/6301\/revisions"}],"predecessor-version":[{"id":13200,"href":"https:\/\/magenarquitectos.com\/en\/wp-json\/wp\/v2\/posts\/6301\/revisions\/13200"}],"wp:attachment":[{"href":"https:\/\/magenarquitectos.com\/en\/wp-json\/wp\/v2\/media?parent=6301"}],"wp:term":[{"taxonomy":"category","embeddable":true,"href":"https:\/\/magenarquitectos.com\/en\/wp-json\/wp\/v2\/categories?post=6301"},{"taxonomy":"post_tag","embeddable":true,"href":"https:\/\/magenarquitectos.com\/en\/wp-json\/wp\/v2\/tags?post=6301"}],"curies":[{"name":"wp","href":"https:\/\/api.w.org\/{rel}","templated":true}]}}