{"id":6320,"date":"2013-05-28T12:38:26","date_gmt":"2013-05-28T12:38:26","guid":{"rendered":"http:\/\/magenarquitectos.wordpress.com\/?p=6320"},"modified":"2021-06-17T10:06:27","modified_gmt":"2021-06-17T10:06:27","slug":"llevame-al-huerto-nueva-exposicion-en-el-centro-ambiental-del-ebro","status":"publish","type":"post","link":"https:\/\/magenarquitectos.com\/en\/llevame-al-huerto-nueva-exposicion-en-el-centro-ambiental-del-ebro\/","title":{"rendered":"&#8220;\u00a1Ll\u00e9vame al huerto!&#8221;: nueva exposici\u00f3n en el Centro Ambiental del Ebro"},"content":{"rendered":"<p><a href=\"https:\/\/magenarquitectos.com\/wp-content\/uploads\/2021\/06\/huerto1.jpg\"><img loading=\"lazy\" class=\"size-full wp-image-8065 aligncenter\" src=\"https:\/\/magenarquitectos.com\/wp-content\/uploads\/2021\/06\/huerto1.jpg\" alt=\"huerto1\" width=\"570\" height=\"228\" title=\"\"><\/a><\/p>\n<p>&nbsp;<\/p>\n<p>El Centro Ambiental del Ebro acoge hasta el pr\u00f3ximo 31 de julio la exposici\u00f3n &#8220;Ll\u00e9vame al huerto&#8221; en la que se realiza un recorrido por el programa de huertos urbanos emprendido por el Ayuntamiento de Zaragoza a lo largo de los \u00faltimos a\u00f1os, partiendo de las experiencias pioneras de los huertos escolares, en la d\u00e9cada de los 80.<\/p>\n<p>En el exterior de la sala de exposiciones y sobre la cubierta del edificio un huerto de 36 metros cuadrados muestra la capacidad de producci\u00f3n de un espacio tan reducido capaz de proporcionar alimento vegetal para una familia, a la vez que se convierte en un &#8220;jard\u00edn comestible&#8221;.<\/p>\n<p>La entrada a la exposici\u00f3n es libre y gratuita, hasta el 31 de julio. El horario de apertura de martes a viernes es de 18.00 a 20.00 horas (visitas guiadas para grupos de 12.00 a 14.00 horas). Los festivos, s\u00e1bados y domingos estar\u00e1 abierto de 12.00 a 14.00 horas y el lunes permanecer\u00e1 cerrado.<\/p>\n<p>+ info: http:\/\/www.zaragoza.es\/ciudad\/cultura\/agenda\/fichacultura_Agenda?id=101766<\/p>\n","protected":false},"excerpt":{"rendered":"<p>&nbsp; El Centro Ambiental del Ebro acoge hasta el pr\u00f3ximo 31 de julio la exposici\u00f3n &#8220;Ll\u00e9vame al huerto&#8221; en la que se realiza un recorrido por el programa de huertos urbanos emprendido por el Ayuntamiento de Zaragoza a lo largo de los \u00faltimos a\u00f1os, partiendo de las experiencias pioneras de los huertos escolares, en la [&hellip;]<\/p>\n","protected":false},"author":1,"featured_media":0,"comment_status":"open","ping_status":"open","sticky":false,"template":"","format":"standard","meta":{"_monsterinsights_skip_tracking":false,"_monsterinsights_sitenote_active":false,"_monsterinsights_sitenote_note":"","_monsterinsights_sitenote_category":0},"categories":[76,69],"tags":[115,79,80,81,82,83,74],"_links":{"self":[{"href":"https:\/\/magenarquitectos.com\/en\/wp-json\/wp\/v2\/posts\/6320"}],"collection":[{"href":"https:\/\/magenarquitectos.com\/en\/wp-json\/wp\/v2\/posts"}],"about":[{"href":"https:\/\/magenarquitectos.com\/en\/wp-json\/wp\/v2\/types\/post"}],"author":[{"embeddable":true,"href":"https:\/\/magenarquitectos.com\/en\/wp-json\/wp\/v2\/users\/1"}],"replies":[{"embeddable":true,"href":"https:\/\/magenarquitectos.com\/en\/wp-json\/wp\/v2\/comments?post=6320"}],"version-history":[{"count":1,"href":"https:\/\/magenarquitectos.com\/en\/wp-json\/wp\/v2\/posts\/6320\/revisions"}],"predecessor-version":[{"id":13194,"href":"https:\/\/magenarquitectos.com\/en\/wp-json\/wp\/v2\/posts\/6320\/revisions\/13194"}],"wp:attachment":[{"href":"https:\/\/magenarquitectos.com\/en\/wp-json\/wp\/v2\/media?parent=6320"}],"wp:term":[{"taxonomy":"category","embeddable":true,"href":"https:\/\/magenarquitectos.com\/en\/wp-json\/wp\/v2\/categories?post=6320"},{"taxonomy":"post_tag","embeddable":true,"href":"https:\/\/magenarquitectos.com\/en\/wp-json\/wp\/v2\/tags?post=6320"}],"curies":[{"name":"wp","href":"https:\/\/api.w.org\/{rel}","templated":true}]}}