{"id":6429,"date":"2013-06-21T11:40:43","date_gmt":"2013-06-21T11:40:43","guid":{"rendered":"http:\/\/magenarquitectos.wordpress.com\/?p=6429"},"modified":"2021-06-17T10:06:25","modified_gmt":"2021-06-17T10:06:25","slug":"proxima-conferencia-next-lecture-etsaun-pamplona-28-06-13","status":"publish","type":"post","link":"https:\/\/magenarquitectos.com\/en\/proxima-conferencia-next-lecture-etsaun-pamplona-28-06-13\/","title":{"rendered":"Pr\u00f3xima Conferencia \/ Next Lecture: ETSA Universidad de Navarra, Pamplona 28.06.13"},"content":{"rendered":"<p><a href=\"https:\/\/magenarquitectos.com\/wp-content\/uploads\/2021\/06\/cartel-conferencia-clausura-magenlr1.jpg\"><img loading=\"lazy\" class=\"size-full wp-image-8067 aligncenter\" src=\"https:\/\/magenarquitectos.com\/wp-content\/uploads\/2021\/06\/cartel-conferencia-clausura-magenlr1.jpg\" alt=\"Magen Arquitectos Zaragoza\" width=\"660\" height=\"934\" title=\"\"><\/a><\/p>\n<p>El pr\u00f3ximo viernes 28 de Junio a las 18.00 h., Jaime y Francisco Javier Mag\u00e9n impartir\u00e1n la Conferencia de Clausura del M\u00e1ster en Dise\u00f1o y Gesti\u00f3n Ambiental de Edificios (MDGAE) en el Aula Magna de la Escuela T\u00e9cnica Superior de Arquitectura de la Universidad de Navarra, en Pamplona. Previamente, a las 17.15 h., tendr\u00e1 lugar el acto acad\u00e9mico de entrega de diplomas a los alumnos de la II Promoci\u00f3n del M\u00e1ster, as\u00ed como la entrega del I Premio PFC de la C\u00e1tedra Madera.<\/p>\n<p>El MDGAE est\u00e1 destinado a la especializaci\u00f3n en el campo del Dise\u00f1o Ambiental y Constructivo, mediante la\u00a0formaci\u00f3n de\u00a0expertos en certificaci\u00f3n ambiental, en gesti\u00f3n de la energ\u00eda y de otros aspectos ambientales, en an\u00e1lisis del ciclo de vida y en los nuevos sistemas constructivos. En las\u00a0ediciones anteriores, la conferencia de clausura del m\u00e1ster\u00a0corri\u00f3 a cargo de\u00a0Roberto Ercilla y C\u00e9sar Ruiz-Larrea.<\/p>\n<p>On Friday June 28 at 18.00 h., Jaime and Francisco Javier Mag\u00e9n will lecture the Closing Conference of the Master in Building Design and\u00a0 Environmental Management (MDGAE) in the Great Hall of the School of Architecture of the University of Navarra , in Pamplona. Previously, at 17.15 h., Graduation ceremony will take place on delivery of diplomas to students of the Second Master Promotion and delivery of the First Prize PFC of the Catedra Madera.<\/p>\n<p>The MDGAE is for specialization in the field of Environmental Constructive Design, by forming environmental certification experts in energy management and other environmental aspects in life cycle analysis and new construction systems. In previous editions, the closing conference of the Master was given by Roberto Ercilla and C\u00e9sar Ruiz-Larrea.<\/p>\n","protected":false},"excerpt":{"rendered":"<p>El pr\u00f3ximo viernes 28 de Junio a las 18.00 h., Jaime y Francisco Javier Mag\u00e9n impartir\u00e1n la Conferencia de Clausura del M\u00e1ster en Dise\u00f1o y Gesti\u00f3n Ambiental de Edificios (MDGAE) en el Aula Magna de la Escuela T\u00e9cnica Superior de Arquitectura de la Universidad de Navarra, en Pamplona. Previamente, a las 17.15 h., tendr\u00e1 lugar [&hellip;]<\/p>\n","protected":false},"author":1,"featured_media":0,"comment_status":"open","ping_status":"open","sticky":false,"template":"","format":"standard","meta":{"_monsterinsights_skip_tracking":false,"_monsterinsights_sitenote_active":false,"_monsterinsights_sitenote_note":"","_monsterinsights_sitenote_category":0},"categories":[196,76,78,130,131],"tags":[115,129,79,87,81,82,83,74],"_links":{"self":[{"href":"https:\/\/magenarquitectos.com\/en\/wp-json\/wp\/v2\/posts\/6429"}],"collection":[{"href":"https:\/\/magenarquitectos.com\/en\/wp-json\/wp\/v2\/posts"}],"about":[{"href":"https:\/\/magenarquitectos.com\/en\/wp-json\/wp\/v2\/types\/post"}],"author":[{"embeddable":true,"href":"https:\/\/magenarquitectos.com\/en\/wp-json\/wp\/v2\/users\/1"}],"replies":[{"embeddable":true,"href":"https:\/\/magenarquitectos.com\/en\/wp-json\/wp\/v2\/comments?post=6429"}],"version-history":[{"count":1,"href":"https:\/\/magenarquitectos.com\/en\/wp-json\/wp\/v2\/posts\/6429\/revisions"}],"predecessor-version":[{"id":13172,"href":"https:\/\/magenarquitectos.com\/en\/wp-json\/wp\/v2\/posts\/6429\/revisions\/13172"}],"wp:attachment":[{"href":"https:\/\/magenarquitectos.com\/en\/wp-json\/wp\/v2\/media?parent=6429"}],"wp:term":[{"taxonomy":"category","embeddable":true,"href":"https:\/\/magenarquitectos.com\/en\/wp-json\/wp\/v2\/categories?post=6429"},{"taxonomy":"post_tag","embeddable":true,"href":"https:\/\/magenarquitectos.com\/en\/wp-json\/wp\/v2\/tags?post=6429"}],"curies":[{"name":"wp","href":"https:\/\/api.w.org\/{rel}","templated":true}]}}