{"id":6434,"date":"2013-06-29T11:44:05","date_gmt":"2013-06-29T11:44:05","guid":{"rendered":"http:\/\/magenarquitectos.wordpress.com\/?p=6434"},"modified":"2021-06-17T10:06:25","modified_gmt":"2021-06-17T10:06:25","slug":"proyecto-seleccionado-en-la-xii-bienal-espanola-de-arquitectura-y-urbanismo","status":"publish","type":"post","link":"https:\/\/magenarquitectos.com\/en\/proyecto-seleccionado-en-la-xii-bienal-espanola-de-arquitectura-y-urbanismo\/","title":{"rendered":"Proyecto Seleccionado en la XII Bienal Espa\u00f1ola de Arquitectura y Urbanismo"},"content":{"rendered":"<p>&nbsp;<\/p>\n<p><a href=\"https:\/\/magenarquitectos.com\/wp-content\/uploads\/2021\/06\/xii1.jpg\"><img loading=\"lazy\" class=\"size-full wp-image-8114 aligncenter\" src=\"https:\/\/magenarquitectos.com\/wp-content\/uploads\/2021\/06\/xii1.jpg\" alt=\"xii1\" width=\"600\" height=\"169\" title=\"\"><\/a> <a href=\"https:\/\/magenarquitectos.com\/wp-content\/uploads\/2021\/06\/pg324_2r.jpg\"><img loading=\"lazy\" class=\"size-large wp-image-8115 aligncenter\" src=\"https:\/\/magenarquitectos.com\/wp-content\/uploads\/2021\/06\/pg324_2r.jpg\" alt=\"pg324_2r\" width=\"640\" height=\"439\" title=\"\"><\/a><\/p>\n<p>La Sede Comarcal y Centro para el Desarrollo del Alabastro del Bajo Mart\u00edn en H\u00edjar (Teruel) ha sido uno de los Proyectos Seleccionados en la XII Bienal Espa\u00f1ola de Arquitectura y Urbanismo (XII BEAU).<\/p>\n<p>En esta edici\u00f3n se\u00a0presentaron 583 obras de arquitectura realizadas en el bienio 2011-2012.<\/p>\n<p>El Jurado estuvo compuesto por Javier Mart\u00edn, Subdirector General de Arquitectura del Ministerio de Fomento, Alfonso Toribio, Decano del COA de Asturias en representaci\u00f3n del CSCAE, Carlos G\u00f3mez Agust\u00ed, en representaci\u00f3n del Presidente de la Fundaci\u00f3n Caja de Arquitectos Fuensanta Nieto y Enrique Sobejano, Directores de la XII BIENAL ESPA\u00d1OLA, Andr\u00e9s Jaque, Arquitecto, fundador de la Oficina de Innovaci\u00f3n Pol\u00edtica, Sebasti\u00e0 Jornet, Arquitecto, ganador del Premio de Urbanismo de la XI Bienal, Sol Madridejos, Arquitecta, socia fundadora de Sancho-Madridejos Architecture Office (S-MAO), Rafael Aranda, Arquitecto, socio fundador de RCR Arquitectes, Olot, Matthias Sauerbruch, Arquitecto, socio fundador del estudio Sauerbruch Hutton, y Wilfried Wang, Arquitecto y Critico de Arquitectura, Profesor de la University of Texas at Austin (USA),<\/p>\n<p>El lema de la XII BEAU, INFLEXI\u00d3N\/TURNING POINT, alude al proceso de transformaci\u00f3n en que se encuentra inmersa la arquitectura espa\u00f1ola en el momento actual. Ante esta realidad, la XII BEAU propone una reflexi\u00f3n en torno a aquellos temas de debate que representan este punto de inflexi\u00f3n: la necesidad de afrontar construcciones sostenibles, la protecci\u00f3n del territorio y el paisaje, la revitalizaci\u00f3n de centros urbanos, as\u00ed como el tr\u00e1nsito de una pol\u00edtica basada en la construcci\u00f3n de obra nueva hacia la reconversi\u00f3n y reutilizaci\u00f3n de estructuras y recursos existentes.<\/p>\n<p>En la edici\u00f3n anterior de la Bienal Espa\u00f1ola de Arquitectura y Urbanismo\u00a0(XI BEAU)\u00a0tambi\u00e9n result\u00f3 Seleccionado el Edificio de 44 Viviendas Sociales en Tauste, y Finalista con Menci\u00f3n el Centro Ambiental del Ebro.<\/p>\n<p>Acta del Jurado de la XII BEAU con la relaci\u00f3n de obras SELECCIONADAS (124), FINALISTAS (27)\u00a0Y PREMIADAS (15).<\/p>\n<p><a href=\"http:\/\/magenarquitectos.files.wordpress.com\/2013\/06\/xii-beau-acta-jurado.pdf\" rel=\"nofollow noopener\" target=\"_blank\">XII-BEAU-Acta-Jurado<\/a><\/p>\n<p>Bajo Martin County Seat has been one of the Selected Projects in Spanish XII Biennial of Architecture and Urbanism (BEAU XII).<\/p>\n<p>This year 583 architectural works made \u200b\u200bin the period 2011-2012 were presented.<\/p>\n<p>The jury was composed of Javier Martin, Deputy Director General of the Ministry of Fomento, Alfonso Toribio, COA Dean representing the CSCAE Asturias, Carlos G\u00f3mez Agust\u00ed, representing the President of the Foundation Caja de Arquitectos, Fuensanta Nieto and Enrique Sobejano, Biennial\u00a0 Directors , Andr\u00e9s Jaque, Architect, founder of the OIP, Sebasti\u00e0 Jornet, Architect, winner of the XI Biennial Planning, Sol Madridejos, Architect, founding partner of Sancho Madridejos Architecture Office (S -MAO), Rafael Aranda, Architect, founding partner of RCR Arquitectes, Olot, Matthias Sauerbruch, Architect, founding partner of Sauerbruch Hutton, and Wilfried Wang, Architect and Architecture Critic, Professor at the University of Texas at Austin (USA) ,<\/p>\n<p>The motto of the XII BEAU, INFLEXION \/ TURNING POINT, refers to the process of transformation in which Spanish architecture immersed in the present moment. Given this reality, the XII BEAU proposes a reflection on those\u00a0 points that represent this turning point: the need to address sustainable construction, protecting the land and landscape, revitalizing urban centers and transit a policy based on the construction of new buildings to the recycling and reuse of existing structures and resources.<\/p>\n<p>In the previous edition of the Spanish Biennial of Architecture and Urbanism (BEAU XI) was also selectd the building of 44\u00a0 Social Housing in Tauste and Mention and Finalist the Ebro Environmental Center.<\/p>\n<p>+info: <a href=\"http:\/\/magenarquitectos.wordpress.com\/sede-de-la-comarca-del-bajo-martin-hijar-teruel\/\" rel=\"nofollow noopener\" target=\"_blank\">Sede de la Comarca del Bajo Martin<\/a>, <a href=\"http:\/\/magenarquitectos.wordpress.com\/bajo-martin-county-seat-hijar-teruel\/\" rel=\"nofollow noopener\" target=\"_blank\">Bajo Martin County Seat<\/a><\/p>\n","protected":false},"excerpt":{"rendered":"<p>&nbsp; La Sede Comarcal y Centro para el Desarrollo del Alabastro del Bajo Mart\u00edn en H\u00edjar (Teruel) ha sido uno de los Proyectos Seleccionados en la XII Bienal Espa\u00f1ola de Arquitectura y Urbanismo (XII BEAU). En esta edici\u00f3n se\u00a0presentaron 583 obras de arquitectura realizadas en el bienio 2011-2012. El Jurado estuvo compuesto por Javier Mart\u00edn, [&hellip;]<\/p>\n","protected":false},"author":1,"featured_media":0,"comment_status":"open","ping_status":"open","sticky":false,"template":"","format":"standard","meta":{"_monsterinsights_skip_tracking":false,"_monsterinsights_sitenote_active":false,"_monsterinsights_sitenote_note":"","_monsterinsights_sitenote_category":0},"categories":[175,200,77,65,69,113],"tags":[100,101,115,102,103,104,105,74],"_links":{"self":[{"href":"https:\/\/magenarquitectos.com\/en\/wp-json\/wp\/v2\/posts\/6434"}],"collection":[{"href":"https:\/\/magenarquitectos.com\/en\/wp-json\/wp\/v2\/posts"}],"about":[{"href":"https:\/\/magenarquitectos.com\/en\/wp-json\/wp\/v2\/types\/post"}],"author":[{"embeddable":true,"href":"https:\/\/magenarquitectos.com\/en\/wp-json\/wp\/v2\/users\/1"}],"replies":[{"embeddable":true,"href":"https:\/\/magenarquitectos.com\/en\/wp-json\/wp\/v2\/comments?post=6434"}],"version-history":[{"count":1,"href":"https:\/\/magenarquitectos.com\/en\/wp-json\/wp\/v2\/posts\/6434\/revisions"}],"predecessor-version":[{"id":13169,"href":"https:\/\/magenarquitectos.com\/en\/wp-json\/wp\/v2\/posts\/6434\/revisions\/13169"}],"wp:attachment":[{"href":"https:\/\/magenarquitectos.com\/en\/wp-json\/wp\/v2\/media?parent=6434"}],"wp:term":[{"taxonomy":"category","embeddable":true,"href":"https:\/\/magenarquitectos.com\/en\/wp-json\/wp\/v2\/categories?post=6434"},{"taxonomy":"post_tag","embeddable":true,"href":"https:\/\/magenarquitectos.com\/en\/wp-json\/wp\/v2\/tags?post=6434"}],"curies":[{"name":"wp","href":"https:\/\/api.w.org\/{rel}","templated":true}]}}