{"id":6474,"date":"2013-07-08T18:49:15","date_gmt":"2013-07-08T18:49:15","guid":{"rendered":"http:\/\/magenarquitectos.wordpress.com\/?p=6474"},"modified":"2021-06-17T10:06:24","modified_gmt":"2021-06-17T10:06:24","slug":"biblioteca-tc-magen-arquitectos-now-available-on-archpapers-app","status":"publish","type":"post","link":"https:\/\/magenarquitectos.com\/en\/biblioteca-tc-magen-arquitectos-now-available-on-archpapers-app\/","title":{"rendered":"Biblioteca TC | Mag\u00e9n Arquitectos > now available in HD viewer on ArchPAPERS app"},"content":{"rendered":"<p>&#8220;La arquitectura espa\u00f1ola de los \u00faltimos a\u00f1os, a pesar de algunas manifestaciones especialmente virulentas en estos tiempos de crisis, &#8211; en gran medida esgrimidas por muchos que en su momento no denunciaban los excesos- ha demostrado en la mayor\u00eda de los casos su capacidad para dar una respuesta adecuada y ajustada a los requerimientos. Ha sido una arquitectura consciente de su medio y de sus posibilidades, pero tambi\u00e9n de la tradici\u00f3n &#8216;constructora&#8217; que, iniciada por los maestros de los a\u00f1os sesenta y setenta, y continuada posteriormente por muchos de los arquitectos de las generaciones que ahora tienen cincuenta y sesenta a\u00f1os, ha sido hoy recogida por buen n\u00famero de arquitectos m\u00e1s j\u00f3venes. El estudio Mag\u00e9n Arquitectos es sin duda buen exponente de esta actitud y sus obras, que manejan una abundante y rica secuencia de referencias relacionadas con esta manera de entender el trabajo, son ejemplos de la misma.&#8221;<\/p>\n<p><em>Francisco Mangado (extracto del pr\u00f3logo)<\/em><\/p>\n<p><a href=\"https:\/\/magenarquitectos.com\/wp-content\/uploads\/2021\/06\/archpapers_magen.jpg\"><img loading=\"lazy\" class=\"size-full wp-image-8069 aligncenter\" src=\"https:\/\/magenarquitectos.com\/wp-content\/uploads\/2021\/06\/archpapers_magen.jpg\" alt=\"archpapers_magen\" width=\"660\" height=\"660\" title=\"\"><\/a><\/p>\n<p>ArchPAPERS app for iPad and iPhone<\/p>\n<p>LINK: <a href=\"https:\/\/itunes.apple.com\/es\/app\/archpapers-revistas-arquitectura\/id464349398?mt=8\" rel=\"nofollow noopener\" target=\"_blank\">https:\/\/itunes.apple.com\/es\/app\/archpapers-revistas-arquitectura\/id464349398?mt=8<\/a><\/p>\n<p>TITLE:\u00a0Biblioteca TC \u00b7\u00a0Mag\u00e9n Arquitectos:\u00a02002-2012\u00a0&gt;&gt;&gt;&gt; ISSUE\u00a0 \u00b7 PAGES:\u00a0168 \/\/\/\/\/\/\/<\/p>\n<p>SUMMARY:\u00a0Articles by Francisco Mangado, Ll\u00e1tzer Moix, Jaime and Francisco J. Mag\u00e9n,&#8230;<\/p>\n<p>TEXTs: Espa\u00f1ol, English\u00a0 &#8211;\u00a0 Publisher: TC Cuadernos &#8211; \u00a0<a href=\"http:\/\/www.tccuadernos.com\" rel=\"nofollow noopener\" target=\"_blank\">www.tccuadernos.com<\/a><\/p>\n","protected":false},"excerpt":{"rendered":"<p>&#8220;La arquitectura espa\u00f1ola de los \u00faltimos a\u00f1os, a pesar de algunas manifestaciones especialmente virulentas en estos tiempos de crisis, &#8211; en gran medida esgrimidas por muchos que en su momento no denunciaban los excesos- ha demostrado en la mayor\u00eda de los casos su capacidad para dar una respuesta adecuada y ajustada a los requerimientos. Ha [&hellip;]<\/p>\n","protected":false},"author":1,"featured_media":0,"comment_status":"open","ping_status":"open","sticky":false,"template":"","format":"standard","meta":{"_monsterinsights_skip_tracking":false,"_monsterinsights_sitenote_active":false,"_monsterinsights_sitenote_note":"","_monsterinsights_sitenote_category":0},"categories":[86,175,200,75,196,76,77,78,97,65,66,67,139,132,69,125,113,90,92,146,95],"tags":[115,119,89,121,74],"_links":{"self":[{"href":"https:\/\/magenarquitectos.com\/en\/wp-json\/wp\/v2\/posts\/6474"}],"collection":[{"href":"https:\/\/magenarquitectos.com\/en\/wp-json\/wp\/v2\/posts"}],"about":[{"href":"https:\/\/magenarquitectos.com\/en\/wp-json\/wp\/v2\/types\/post"}],"author":[{"embeddable":true,"href":"https:\/\/magenarquitectos.com\/en\/wp-json\/wp\/v2\/users\/1"}],"replies":[{"embeddable":true,"href":"https:\/\/magenarquitectos.com\/en\/wp-json\/wp\/v2\/comments?post=6474"}],"version-history":[{"count":1,"href":"https:\/\/magenarquitectos.com\/en\/wp-json\/wp\/v2\/posts\/6474\/revisions"}],"predecessor-version":[{"id":13161,"href":"https:\/\/magenarquitectos.com\/en\/wp-json\/wp\/v2\/posts\/6474\/revisions\/13161"}],"wp:attachment":[{"href":"https:\/\/magenarquitectos.com\/en\/wp-json\/wp\/v2\/media?parent=6474"}],"wp:term":[{"taxonomy":"category","embeddable":true,"href":"https:\/\/magenarquitectos.com\/en\/wp-json\/wp\/v2\/categories?post=6474"},{"taxonomy":"post_tag","embeddable":true,"href":"https:\/\/magenarquitectos.com\/en\/wp-json\/wp\/v2\/tags?post=6474"}],"curies":[{"name":"wp","href":"https:\/\/api.w.org\/{rel}","templated":true}]}}