{"id":6522,"date":"2013-08-26T18:14:25","date_gmt":"2013-08-26T18:14:25","guid":{"rendered":"http:\/\/magenarquitectos.wordpress.com\/?p=6522"},"modified":"2021-06-17T10:06:24","modified_gmt":"2021-06-17T10:06:24","slug":"jaime-and-francisco-j-magen-presented-his-work-at-the-school-of-architecture-of-the-university-of-navarra","status":"publish","type":"post","link":"https:\/\/magenarquitectos.com\/en\/jaime-and-francisco-j-magen-presented-his-work-at-the-school-of-architecture-of-the-university-of-navarra\/","title":{"rendered":"Jaime and Francisco J. Mag\u00e9n presented their work at the School of Architecture of the University of Navarra"},"content":{"rendered":"<p><a href=\"https:\/\/magenarquitectos.com\/wp-content\/uploads\/2021\/06\/006new.jpg\"><img loading=\"lazy\" class=\"size-full wp-image-8071 aligncenter\" src=\"https:\/\/magenarquitectos.com\/wp-content\/uploads\/2021\/06\/006new.jpg\" alt=\"Magen Arquitectos Zaragoza\" width=\"660\" height=\"272\" title=\"\"><\/a><\/p>\n<p>Jaime and Francisco Javier Mag\u00e9n lectured at the School of Architecture of the University of Navarra in which they show their latest projects, some of them included in the book &#8220;Mag\u00e9n Arquitectos 2002-2012&#8221;. The lecture closed the Master&#8217;s Degree in Environmental Design and Management of Buildings, addressing the issue of sustainability through different projects.<\/p>\n<p>The lecture, titled &#8220;Material Landscapes&#8221;, was based on the idea of promoting the dialogue with the landscape and the implementation of mild strategies of sustainability, which is more than just energy efficiency.<\/p>\n<p>Jaime y Francisco Javier Mag\u00e9n impartieron una conferencia en la Escuela de Arquitectura de la Universidad de Navarra en la que presentaros sus \u00faltimos proyectos, varios de ellos incluidos en la monograf\u00eda &#8220;Mag\u00e9n Arquitectos 2002-2012&#8221;. La conferencia clausur\u00f3 el\u00a0M\u00e1ster en Dise\u00f1o y Gesti\u00f3n Ambiental de Edificios (MDGAE).<\/p>\n<p>La conferencia titulada, &#8220;Paisajes Materiales&#8221;, basada en la idea de de promover la relaci\u00f3n entre el paisaje y la sostenibilidad, a partir de estrategias blandas que vayan m\u00e1s all\u00e1 de la eficiencia energ\u00e9tica.<\/p>\n","protected":false},"excerpt":{"rendered":"<p>Jaime and Francisco Javier Mag\u00e9n lectured at the School of Architecture of the University of Navarra in which they show their latest projects, some of them included in the book &#8220;Mag\u00e9n Arquitectos 2002-2012&#8221;. The lecture closed the Master&#8217;s Degree in Environmental Design and Management of Buildings, addressing the issue of sustainability through different projects. The [&hellip;]<\/p>\n","protected":false},"author":1,"featured_media":0,"comment_status":"open","ping_status":"open","sticky":false,"template":"","format":"standard","meta":{"_monsterinsights_skip_tracking":false,"_monsterinsights_sitenote_active":false,"_monsterinsights_sitenote_note":"","_monsterinsights_sitenote_category":0},"categories":[196,76,164,78,165],"tags":[115,129,166,74],"_links":{"self":[{"href":"https:\/\/magenarquitectos.com\/en\/wp-json\/wp\/v2\/posts\/6522"}],"collection":[{"href":"https:\/\/magenarquitectos.com\/en\/wp-json\/wp\/v2\/posts"}],"about":[{"href":"https:\/\/magenarquitectos.com\/en\/wp-json\/wp\/v2\/types\/post"}],"author":[{"embeddable":true,"href":"https:\/\/magenarquitectos.com\/en\/wp-json\/wp\/v2\/users\/1"}],"replies":[{"embeddable":true,"href":"https:\/\/magenarquitectos.com\/en\/wp-json\/wp\/v2\/comments?post=6522"}],"version-history":[{"count":1,"href":"https:\/\/magenarquitectos.com\/en\/wp-json\/wp\/v2\/posts\/6522\/revisions"}],"predecessor-version":[{"id":13155,"href":"https:\/\/magenarquitectos.com\/en\/wp-json\/wp\/v2\/posts\/6522\/revisions\/13155"}],"wp:attachment":[{"href":"https:\/\/magenarquitectos.com\/en\/wp-json\/wp\/v2\/media?parent=6522"}],"wp:term":[{"taxonomy":"category","embeddable":true,"href":"https:\/\/magenarquitectos.com\/en\/wp-json\/wp\/v2\/categories?post=6522"},{"taxonomy":"post_tag","embeddable":true,"href":"https:\/\/magenarquitectos.com\/en\/wp-json\/wp\/v2\/tags?post=6522"}],"curies":[{"name":"wp","href":"https:\/\/api.w.org\/{rel}","templated":true}]}}