{"id":6946,"date":"2013-10-01T11:28:14","date_gmt":"2013-10-01T11:28:14","guid":{"rendered":"http:\/\/magenarquitectos.wordpress.com\/?p=6946"},"modified":"2021-06-17T10:06:23","modified_gmt":"2021-06-17T10:06:23","slug":"building-green-expo-atenas","status":"publish","type":"post","link":"https:\/\/magenarquitectos.com\/en\/building-green-expo-atenas\/","title":{"rendered":"Building Green Expo. Atenas."},"content":{"rendered":"<p><a href=\"https:\/\/magenarquitectos.com\/wp-content\/uploads\/2021\/06\/bg_header.png\"><img loading=\"lazy\" class=\"size-full wp-image-8087 aligncenter\" src=\"https:\/\/magenarquitectos.com\/wp-content\/uploads\/2021\/06\/bg_header.png\" alt=\"bg_header\" width=\"595\" height=\"119\" title=\"\"><\/a><\/p>\n<p>El Centro Ambiental del Ebro,\u00a0como ganador de los Premios MEA2013 en la categor\u00eda de Equipamientos P\u00fablicos, ser\u00e1 expuesto en el Building Green Expo, dedicado a la Arquitectura Sostenible y la Eficiciencia Energ\u00e9tica , que tendr\u00e1 lugar del 4 al 6 de octubre en el MEC Expo Center de Atenas. El resto de proyectos ganadores en las diferentes categor\u00edas, que tambi\u00e9n forman parte de la exposici\u00f3n son: la Guarder\u00eda en Gand\u00eda, de\u00a0\u00c1ngela Garc\u00eda de Paredes\u00a0&amp; Ignacio Pedrosa (ESP, cat. cultural y docente), la Plaza Ala\u00e7at\u0131, de Ali Kural (TUR, cat. proyecto urbano), \u00a0Atelier Loubatas, de\u00a0Tania Teixeira (FRA, cat. ocio), el Edificio de apartamentos universitarios en el Parque Mediterr\u00e1neo de la Teconolog\u00eda, de Mestura Arquitectos (ESP, cat. residencial), y el edificio Tvzeb, Giovanni Traverso (ITA, cat. comercial)<\/p>\n<p>Los Premios a la Arquitectura Mediterr\u00e1nea Sostenible MEA2013 seleccionan los proyectos m\u00e1s innovadores completados en los \u00faltimos cinco a\u00f1os en el \u00e1rea mediterr\u00e1nea. El objetivo es promover el intercambio de ideas sobre el dise\u00f1o ambientalmente responsable y destacar los proyectos que siguen los principios de la Sostenibilidad en Arquitectura a trav\u00e9s de soluciones de dise\u00f1o pasivo, estrategias blandas e implementaci\u00f3n de sistemas naturales.<\/p>\n<p>Ebro Environmental Centre, as one of the winners\u00a0 of the MEA2013 Awards, will be exhibited in Building Green Expo, focused on Sustainable Architecture and Energy Efficiency, form 4th to 6th October in MEC Expo Center in Athens.<\/p>\n<p>The MEA2013 Awards honors the most innovative and creative design solutions that have been completed during the last five years in the Mediterranean zone. The goal is to enhance exchange of ideas on environmentally conscious design, and enrich the ecological sustainability approach. It also aims at highlighting projects that follow the principles of sustainability in architecture mainly through environmentally responsive passive design solutions. Implementation of natural systems and mild technologies is more welcome than high performance applications.<\/p>\n<p>+info: <a href=\"http:\/\/buildinggreenexpo.gr\/en\/\" rel=\"nofollow noopener\" target=\"_blank\">http:\/\/buildinggreenexpo.gr\/en\/<\/a><\/p>\n<p>+info: <a href=\"http:\/\/magenarquitectos.com\/centro-ambiental-del-ebro-2\/\">Centro Ambiental del Ebro<\/a>, <a href=\"http:\/\/english.magenarquitectos.com\/ebro-environmental-centre-2\/\">Ebro Environmental Centre,<\/a><\/p>\n","protected":false},"excerpt":{"rendered":"<p>El Centro Ambiental del Ebro,\u00a0como ganador de los Premios MEA2013 en la categor\u00eda de Equipamientos P\u00fablicos, ser\u00e1 expuesto en el Building Green Expo, dedicado a la Arquitectura Sostenible y la Eficiciencia Energ\u00e9tica , que tendr\u00e1 lugar del 4 al 6 de octubre en el MEC Expo Center de Atenas. El resto de proyectos ganadores en [&hellip;]<\/p>\n","protected":false},"author":1,"featured_media":0,"comment_status":"open","ping_status":"open","sticky":false,"template":"","format":"standard","meta":{"_monsterinsights_skip_tracking":false,"_monsterinsights_sitenote_active":false,"_monsterinsights_sitenote_note":"","_monsterinsights_sitenote_category":0},"categories":[195,76,78,65,66,204,69,113],"tags":[115,62,79,80,87,201,68,203,81,82,83,74],"_links":{"self":[{"href":"https:\/\/magenarquitectos.com\/en\/wp-json\/wp\/v2\/posts\/6946"}],"collection":[{"href":"https:\/\/magenarquitectos.com\/en\/wp-json\/wp\/v2\/posts"}],"about":[{"href":"https:\/\/magenarquitectos.com\/en\/wp-json\/wp\/v2\/types\/post"}],"author":[{"embeddable":true,"href":"https:\/\/magenarquitectos.com\/en\/wp-json\/wp\/v2\/users\/1"}],"replies":[{"embeddable":true,"href":"https:\/\/magenarquitectos.com\/en\/wp-json\/wp\/v2\/comments?post=6946"}],"version-history":[{"count":1,"href":"https:\/\/magenarquitectos.com\/en\/wp-json\/wp\/v2\/posts\/6946\/revisions"}],"predecessor-version":[{"id":13137,"href":"https:\/\/magenarquitectos.com\/en\/wp-json\/wp\/v2\/posts\/6946\/revisions\/13137"}],"wp:attachment":[{"href":"https:\/\/magenarquitectos.com\/en\/wp-json\/wp\/v2\/media?parent=6946"}],"wp:term":[{"taxonomy":"category","embeddable":true,"href":"https:\/\/magenarquitectos.com\/en\/wp-json\/wp\/v2\/categories?post=6946"},{"taxonomy":"post_tag","embeddable":true,"href":"https:\/\/magenarquitectos.com\/en\/wp-json\/wp\/v2\/tags?post=6946"}],"curies":[{"name":"wp","href":"https:\/\/api.w.org\/{rel}","templated":true}]}}