{"id":6962,"date":"2013-10-11T17:47:10","date_gmt":"2013-10-11T17:47:10","guid":{"rendered":"http:\/\/magenarquitectos.wordpress.com\/?p=6962"},"modified":"2021-06-17T10:06:23","modified_gmt":"2021-06-17T10:06:23","slug":"conferencia-miguel-fisac-centenario-2013","status":"publish","type":"post","link":"https:\/\/magenarquitectos.com\/en\/conferencia-miguel-fisac-centenario-2013\/","title":{"rendered":"Conferencia: Miguel Fisac, centenario 2013"},"content":{"rendered":"<p><a href=\"https:\/\/magenarquitectos.com\/wp-content\/uploads\/2021\/06\/1960_fisac_vigashueso.jpg\"><img loading=\"lazy\" class=\"size-full wp-image-8045 aligncenter\" src=\"https:\/\/magenarquitectos.com\/wp-content\/uploads\/2021\/06\/1960_fisac_vigashueso.jpg\" alt=\"1960_fisac_vigashueso\" width=\"600\" height=\"596\" title=\"\"><\/a><\/p>\n<p>El pasado jueves 3 de octubre tuvo lugar, en el Sal\u00f3n de Actos del Edificio Ada Byron de la Universidad de Zaragoza, una conferencia\u00a0sobre la obra de Miguel Fisac (1913-2006), con\u00a0motivo de\u00a0su centenario, dentro del ciclo de\u00a0actividades\u00a0organizado por\u00a0la Escuela\u00a0de Arquitectura (EINA) para este oto\u00f1o.\u00a0La\u00a0conferencia cont\u00f3 con las intervenciones de\u00a0los profesores I\u00f1aki Bergera, Eduardo Delgado, Ricardo S\u00e1nchez Lampreave, Zaira Peinado y Jaime Mag\u00e9n, que repasaron algunos aspectos destacados de la trayectoria de uno de los arquitectos espa\u00f1oles m\u00e1s importantes del siglo XX.<\/p>\n<p>A lecture dedicated to the work by Miguel Fisac was held in the University of Zaragoza last 3rd because of his centenary, with interventions by Professors I\u00f1aki Bergera, Eduardo Delgado, Ricardo S\u00e1nchez Lampreave, Zaira Peinado y Jaime Mag\u00e9n, related to the most importants moments of the career of one the most outstanding Spanish architects in 20th Century.<\/p>\n","protected":false},"excerpt":{"rendered":"<p>El pasado jueves 3 de octubre tuvo lugar, en el Sal\u00f3n de Actos del Edificio Ada Byron de la Universidad de Zaragoza, una conferencia\u00a0sobre la obra de Miguel Fisac (1913-2006), con\u00a0motivo de\u00a0su centenario, dentro del ciclo de\u00a0actividades\u00a0organizado por\u00a0la Escuela\u00a0de Arquitectura (EINA) para este oto\u00f1o.\u00a0La\u00a0conferencia cont\u00f3 con las intervenciones de\u00a0los profesores I\u00f1aki Bergera, Eduardo Delgado, Ricardo [&hellip;]<\/p>\n","protected":false},"author":1,"featured_media":0,"comment_status":"open","ping_status":"open","sticky":false,"template":"","format":"standard","meta":{"_monsterinsights_skip_tracking":false,"_monsterinsights_sitenote_active":false,"_monsterinsights_sitenote_note":"","_monsterinsights_sitenote_category":0},"categories":[196,164,130,131,165],"tags":[115,129,205,74],"_links":{"self":[{"href":"https:\/\/magenarquitectos.com\/en\/wp-json\/wp\/v2\/posts\/6962"}],"collection":[{"href":"https:\/\/magenarquitectos.com\/en\/wp-json\/wp\/v2\/posts"}],"about":[{"href":"https:\/\/magenarquitectos.com\/en\/wp-json\/wp\/v2\/types\/post"}],"author":[{"embeddable":true,"href":"https:\/\/magenarquitectos.com\/en\/wp-json\/wp\/v2\/users\/1"}],"replies":[{"embeddable":true,"href":"https:\/\/magenarquitectos.com\/en\/wp-json\/wp\/v2\/comments?post=6962"}],"version-history":[{"count":1,"href":"https:\/\/magenarquitectos.com\/en\/wp-json\/wp\/v2\/posts\/6962\/revisions"}],"predecessor-version":[{"id":13131,"href":"https:\/\/magenarquitectos.com\/en\/wp-json\/wp\/v2\/posts\/6962\/revisions\/13131"}],"wp:attachment":[{"href":"https:\/\/magenarquitectos.com\/en\/wp-json\/wp\/v2\/media?parent=6962"}],"wp:term":[{"taxonomy":"category","embeddable":true,"href":"https:\/\/magenarquitectos.com\/en\/wp-json\/wp\/v2\/categories?post=6962"},{"taxonomy":"post_tag","embeddable":true,"href":"https:\/\/magenarquitectos.com\/en\/wp-json\/wp\/v2\/tags?post=6962"}],"curies":[{"name":"wp","href":"https:\/\/api.w.org\/{rel}","templated":true}]}}