{"id":6974,"date":"2013-10-15T11:46:28","date_gmt":"2013-10-15T11:46:28","guid":{"rendered":"http:\/\/magenarquitectos.wordpress.com\/?p=6974"},"modified":"2021-06-17T10:06:23","modified_gmt":"2021-06-17T10:06:23","slug":"el-centro-ambiental-del-ebro-acoge-la-exposicion-zaragoza-mapa-a-mapa","status":"publish","type":"post","link":"https:\/\/magenarquitectos.com\/en\/el-centro-ambiental-del-ebro-acoge-la-exposicion-zaragoza-mapa-a-mapa\/","title":{"rendered":"El Centro Ambiental del Ebro acoge la exposici\u00f3n &#8220;Zaragoza mapa a mapa&#8221;"},"content":{"rendered":"<p><a href=\"https:\/\/magenarquitectos.com\/wp-content\/uploads\/2021\/06\/1383470_10152508277436549_1270743904_n.jpg\"><img loading=\"lazy\" class=\"size-full wp-image-8048 aligncenter\" src=\"https:\/\/magenarquitectos.com\/wp-content\/uploads\/2021\/06\/1383470_10152508277436549_1270743904_n.jpg\" alt=\"1383470_10152508277436549_1270743904_n\" width=\"660\" height=\"234\" title=\"\"><\/a><\/p>\n<p>El Centro Ambiental del Ebro acoge desde hoy y hasta el 5 de diciembre\u00a0 la exposici\u00f3n &#8220;Zaragoza mapa a mapa&#8221;. Un estudio sobre la proximidad de las zonas verdes, equipamientos y servicios en la ciudad de Zaragoza.<\/p>\n<p>La exposici\u00f3n es fruto de la colaboraci\u00f3n de la Agencia de Medio Ambiente y Sostenibilidad del Ayuntamiento de Zaragoza, el Grupo de Estudios en Ordenaci\u00f3n del Territorio del Departamento de Geograf\u00eda y Ordenaci\u00f3n del Territorio de la Universidad de Zaragoza y el Centro Ambiental del Ebro.<\/p>\n","protected":false},"excerpt":{"rendered":"<p>El Centro Ambiental del Ebro acoge desde hoy y hasta el 5 de diciembre\u00a0 la exposici\u00f3n &#8220;Zaragoza mapa a mapa&#8221;. Un estudio sobre la proximidad de las zonas verdes, equipamientos y servicios en la ciudad de Zaragoza. La exposici\u00f3n es fruto de la colaboraci\u00f3n de la Agencia de Medio Ambiente y Sostenibilidad del Ayuntamiento de [&hellip;]<\/p>\n","protected":false},"author":1,"featured_media":0,"comment_status":"open","ping_status":"open","sticky":false,"template":"","format":"standard","meta":{"_monsterinsights_skip_tracking":false,"_monsterinsights_sitenote_active":false,"_monsterinsights_sitenote_note":"","_monsterinsights_sitenote_category":0},"categories":[204,69],"tags":[80,201,68,74],"_links":{"self":[{"href":"https:\/\/magenarquitectos.com\/en\/wp-json\/wp\/v2\/posts\/6974"}],"collection":[{"href":"https:\/\/magenarquitectos.com\/en\/wp-json\/wp\/v2\/posts"}],"about":[{"href":"https:\/\/magenarquitectos.com\/en\/wp-json\/wp\/v2\/types\/post"}],"author":[{"embeddable":true,"href":"https:\/\/magenarquitectos.com\/en\/wp-json\/wp\/v2\/users\/1"}],"replies":[{"embeddable":true,"href":"https:\/\/magenarquitectos.com\/en\/wp-json\/wp\/v2\/comments?post=6974"}],"version-history":[{"count":1,"href":"https:\/\/magenarquitectos.com\/en\/wp-json\/wp\/v2\/posts\/6974\/revisions"}],"predecessor-version":[{"id":13128,"href":"https:\/\/magenarquitectos.com\/en\/wp-json\/wp\/v2\/posts\/6974\/revisions\/13128"}],"wp:attachment":[{"href":"https:\/\/magenarquitectos.com\/en\/wp-json\/wp\/v2\/media?parent=6974"}],"wp:term":[{"taxonomy":"category","embeddable":true,"href":"https:\/\/magenarquitectos.com\/en\/wp-json\/wp\/v2\/categories?post=6974"},{"taxonomy":"post_tag","embeddable":true,"href":"https:\/\/magenarquitectos.com\/en\/wp-json\/wp\/v2\/tags?post=6974"}],"curies":[{"name":"wp","href":"https:\/\/api.w.org\/{rel}","templated":true}]}}