{"id":6981,"date":"2013-10-22T10:14:32","date_gmt":"2013-10-22T10:14:32","guid":{"rendered":"http:\/\/magenarquitectos.wordpress.com\/?p=6981"},"modified":"2021-06-17T10:06:22","modified_gmt":"2021-06-17T10:06:22","slug":"visita-del-estudio-japones-hibino-sekkei-al-ceip-rosales-del-canal","status":"publish","type":"post","link":"https:\/\/magenarquitectos.com\/en\/visita-del-estudio-japones-hibino-sekkei-al-ceip-rosales-del-canal\/","title":{"rendered":"Visita del estudio japon\u00e9s Hibino Sekkei al CEIP Rosales del Canal"},"content":{"rendered":"<p><a href=\"https:\/\/magenarquitectos.com\/wp-content\/uploads\/2021\/06\/dsc03047.jpg\"><img loading=\"lazy\" class=\"size-full wp-image-8055 aligncenter\" src=\"https:\/\/magenarquitectos.com\/wp-content\/uploads\/2021\/06\/dsc03047.jpg\" alt=\"dsc03047\" width=\"660\" height=\"660\" title=\"\"><\/a><\/p>\n<p>Una delegaci\u00f3n del estudio japon\u00e9s Hibino Sekkei, compuesta por seis arquitectos y siete directores y directoras de guarder\u00edas japonesas, ha visitado el jueves 24 de octubre el CEIP Rosales del Canal, en el transcurso de un viaje profesional, en el que visitar\u00e1n guarder\u00edas en Madrid, Pamplona, Zaragoza, Barcelona y Par\u00eds.<\/p>\n<p>Hibino Sekkei es un estudio de arquitectura japon\u00e9s ubicado en Tokio,\u00a0 dedicado al campo de la arquitectura desde su fundaci\u00f3n en 1972, con m\u00e1s de 2600 obras construidas en Jap\u00f3n, \u00a0entre ellas,\u00a0 m\u00e1s de 310 guarder\u00edas, reconocidas nacional e internacionalmente.<\/p>\n<p>A delegation of Japanese architectural studio Hibino Sekkei, composed of six architects and seven directors of Japanese kindergartens, visited CEIP Rosales del Canal at Thursday 24th October, during a profesional trip, in which they visit kindergartens in Madrid, Pamplona , Zaragoza, Barcelona and Paris.<\/p>\n<p>Hibino Sekkei is a Japanese architectural firm based in Tokyo, founded in 1972, dedicated to the field of architecture, with more than 2600 works built in Japan, including more than 310 kindergartens, awarded national and internationally.<\/p>\n<p>+info: <a href=\"http:\/\/www.elperiodicodearagon.com\/noticias\/aragon\/la-arquitectura-del-colegio-se-convierte-en-un-ejemplo-a-seguir_893094.html\" rel=\"nofollow noopener\" target=\"_blank\">El Peri\u00f3dico de Arag\u00f3n<\/a><\/p>\n<p>+info: <a href=\"http:\/\/hibinosekkei.com\/\" rel=\"nofollow noopener\" target=\"_blank\">Hibino Sekkei<\/a><\/p>\n<p>+info: <a href=\"http:\/\/magenarquitectos.com\/c-e-i-p-rosales-del-canal\/\">CEIP Rosales del Canal<\/a>, <a href=\"http:\/\/english.magenarquitectos.com\/school-complex-rosales-del-canal\/\">School complex Rosales del Canal<\/a>,<\/p>\n<p>&nbsp;<\/p>\n","protected":false},"excerpt":{"rendered":"<p>Una delegaci\u00f3n del estudio japon\u00e9s Hibino Sekkei, compuesta por seis arquitectos y siete directores y directoras de guarder\u00edas japonesas, ha visitado el jueves 24 de octubre el CEIP Rosales del Canal, en el transcurso de un viaje profesional, en el que visitar\u00e1n guarder\u00edas en Madrid, Pamplona, Zaragoza, Barcelona y Par\u00eds. Hibino Sekkei es un estudio [&hellip;]<\/p>\n","protected":false},"author":1,"featured_media":0,"comment_status":"open","ping_status":"open","sticky":false,"template":"","format":"standard","meta":{"_monsterinsights_skip_tracking":false,"_monsterinsights_sitenote_active":false,"_monsterinsights_sitenote_note":"","_monsterinsights_sitenote_category":0},"categories":[65,139],"tags":[115,206,80,140,87,141,142,176,143,74],"_links":{"self":[{"href":"https:\/\/magenarquitectos.com\/en\/wp-json\/wp\/v2\/posts\/6981"}],"collection":[{"href":"https:\/\/magenarquitectos.com\/en\/wp-json\/wp\/v2\/posts"}],"about":[{"href":"https:\/\/magenarquitectos.com\/en\/wp-json\/wp\/v2\/types\/post"}],"author":[{"embeddable":true,"href":"https:\/\/magenarquitectos.com\/en\/wp-json\/wp\/v2\/users\/1"}],"replies":[{"embeddable":true,"href":"https:\/\/magenarquitectos.com\/en\/wp-json\/wp\/v2\/comments?post=6981"}],"version-history":[{"count":1,"href":"https:\/\/magenarquitectos.com\/en\/wp-json\/wp\/v2\/posts\/6981\/revisions"}],"predecessor-version":[{"id":13122,"href":"https:\/\/magenarquitectos.com\/en\/wp-json\/wp\/v2\/posts\/6981\/revisions\/13122"}],"wp:attachment":[{"href":"https:\/\/magenarquitectos.com\/en\/wp-json\/wp\/v2\/media?parent=6981"}],"wp:term":[{"taxonomy":"category","embeddable":true,"href":"https:\/\/magenarquitectos.com\/en\/wp-json\/wp\/v2\/categories?post=6981"},{"taxonomy":"post_tag","embeddable":true,"href":"https:\/\/magenarquitectos.com\/en\/wp-json\/wp\/v2\/tags?post=6981"}],"curies":[{"name":"wp","href":"https:\/\/api.w.org\/{rel}","templated":true}]}}