{"id":7004,"date":"2013-12-05T11:24:18","date_gmt":"2013-12-05T11:24:18","guid":{"rendered":"http:\/\/magenarquitectos.wordpress.com\/?p=7004"},"modified":"2021-06-17T10:06:21","modified_gmt":"2021-06-17T10:06:21","slug":"magen-arquitectos-disenara-la-ampliacion-del-ceip-rosales-del-canal","status":"publish","type":"post","link":"https:\/\/magenarquitectos.com\/en\/magen-arquitectos-disenara-la-ampliacion-del-ceip-rosales-del-canal\/","title":{"rendered":"Mag\u00e9n Arquitectos dise\u00f1ar\u00e1 la ampliaci\u00f3n del CEIP Rosales del Canal"},"content":{"rendered":"<p><a href=\"https:\/\/magenarquitectos.com\/wp-content\/uploads\/2021\/06\/ampli_rosales.jpg\"><img loading=\"lazy\" class=\"size-full wp-image-8036 aligncenter\" src=\"https:\/\/magenarquitectos.com\/wp-content\/uploads\/2021\/06\/ampli_rosales.jpg\" alt=\"Magen Arquitectos Zaragoza\" width=\"660\" height=\"341\" title=\"\"><\/a><\/p>\n<p>Mag\u00e9n Arquitectos dise\u00f1ar\u00e1 la ampliaci\u00f3n del CEIP Rosales del Canal. El Centro pasar\u00e1 a contar con 12 aulas de Educaci\u00f3n Infantil y 24 de Educaci\u00f3n Primaria, m\u00e1s servicios anexos.<\/p>\n<p>El Centro de Educaci\u00f3n Rosales del Canal, recientemente visitado por\u00a0el estudio\u00a0japon\u00e9s especializado en arquitectura docente Hibino Sekkei, ha sido publicado en m\u00e1s de 30 medios especializados, incluyendo publicaciones de Espa\u00f1a, Italia, Alemania, Inglaterra, India, China y Corea del Sur.<\/p>\n<p>Magen Arquitectos will design the extension of Rosales del Canal school complex to host 12 classrooms in the Kindergarten and 24 classrooms in the Elementary School, and complementary services.<\/p>\n<p>Rosales del Canal school complex, recently visited by the Japanese office Hibino Sekkei, specialized in educational projects\u00a0, has been published in more than 30 specialized media, including magazines from Spain, Italy, Germany, United Kingdom, India, China and South Korea.<\/p>\n<p>+info: <a href=\"http:\/\/magenarquitectos.com\/c-e-i-p-rosales-del-canal\/\">CEIP Rosales del Canal<\/a>, <a href=\"http:\/\/english.magenarquitectos.com\/school-complex-rosales-del-canal\/\">School complex Rosales del Canal<\/a>,<\/p>\n<p>&nbsp;<\/p>\n","protected":false},"excerpt":{"rendered":"<p>Mag\u00e9n Arquitectos dise\u00f1ar\u00e1 la ampliaci\u00f3n del CEIP Rosales del Canal. El Centro pasar\u00e1 a contar con 12 aulas de Educaci\u00f3n Infantil y 24 de Educaci\u00f3n Primaria, m\u00e1s servicios anexos. El Centro de Educaci\u00f3n Rosales del Canal, recientemente visitado por\u00a0el estudio\u00a0japon\u00e9s especializado en arquitectura docente Hibino Sekkei, ha sido publicado en m\u00e1s de 30 medios especializados, [&hellip;]<\/p>\n","protected":false},"author":1,"featured_media":0,"comment_status":"open","ping_status":"open","sticky":false,"template":"","format":"standard","meta":{"_monsterinsights_skip_tracking":false,"_monsterinsights_sitenote_active":false,"_monsterinsights_sitenote_note":"","_monsterinsights_sitenote_category":0},"categories":[202,75,65,139],"tags":[115,134,80,140,141,176,143,74],"_links":{"self":[{"href":"https:\/\/magenarquitectos.com\/en\/wp-json\/wp\/v2\/posts\/7004"}],"collection":[{"href":"https:\/\/magenarquitectos.com\/en\/wp-json\/wp\/v2\/posts"}],"about":[{"href":"https:\/\/magenarquitectos.com\/en\/wp-json\/wp\/v2\/types\/post"}],"author":[{"embeddable":true,"href":"https:\/\/magenarquitectos.com\/en\/wp-json\/wp\/v2\/users\/1"}],"replies":[{"embeddable":true,"href":"https:\/\/magenarquitectos.com\/en\/wp-json\/wp\/v2\/comments?post=7004"}],"version-history":[{"count":1,"href":"https:\/\/magenarquitectos.com\/en\/wp-json\/wp\/v2\/posts\/7004\/revisions"}],"predecessor-version":[{"id":13099,"href":"https:\/\/magenarquitectos.com\/en\/wp-json\/wp\/v2\/posts\/7004\/revisions\/13099"}],"wp:attachment":[{"href":"https:\/\/magenarquitectos.com\/en\/wp-json\/wp\/v2\/media?parent=7004"}],"wp:term":[{"taxonomy":"category","embeddable":true,"href":"https:\/\/magenarquitectos.com\/en\/wp-json\/wp\/v2\/categories?post=7004"},{"taxonomy":"post_tag","embeddable":true,"href":"https:\/\/magenarquitectos.com\/en\/wp-json\/wp\/v2\/tags?post=7004"}],"curies":[{"name":"wp","href":"https:\/\/api.w.org\/{rel}","templated":true}]}}