{"id":7025,"date":"2013-11-29T11:47:51","date_gmt":"2013-11-29T11:47:51","guid":{"rendered":"https:\/\/magenarquitectos.wordpress.com\/?p=7025"},"modified":"2021-06-17T10:06:22","modified_gmt":"2021-06-17T10:06:22","slug":"premio-nan-2013-de-reforma-y-rehabilitacion","status":"publish","type":"post","link":"https:\/\/magenarquitectos.com\/en\/premio-nan-2013-de-reforma-y-rehabilitacion\/","title":{"rendered":"Premio NAN 2013 de Reforma y Rehabilitaci\u00f3n"},"content":{"rendered":"<p>&nbsp;<\/p>\n<p><a href=\"https:\/\/magenarquitectos.com\/wp-content\/uploads\/2021\/06\/0nan.jpg\"><img loading=\"lazy\" class=\"size-full wp-image-8060 aligncenter\" src=\"https:\/\/magenarquitectos.com\/wp-content\/uploads\/2021\/06\/0nan.jpg\" alt=\"0nan\" width=\"660\" height=\"292\" title=\"\"><\/a><\/p>\n<p><a href=\"https:\/\/magenarquitectos.com\/wp-content\/uploads\/2021\/06\/1475803_733894276638058_1140080026_n.jpg\"><img loading=\"lazy\" class=\"size-full wp-image-8061 aligncenter\" src=\"https:\/\/magenarquitectos.com\/wp-content\/uploads\/2021\/06\/1475803_733894276638058_1140080026_n.jpg\" alt=\"1475803_733894276638058_1140080026_n\" width=\"660\" height=\"440\" title=\"\"><\/a><\/p>\n<p>En la cena celebrada ayer en el Hotel Arts de Barcelona, Mag\u00e9n Arquitectos recibi\u00f3 el Premio NAN Arquitectura y Construcci\u00f3n 2013 en la categor\u00eda de\u00a0Reforma y Rehabilitaci\u00f3n, por la Recuperaci\u00f3n de la Casa Julve de Alca\u00f1iz para Centro Cultural y Escuela de M\u00fasica.<\/p>\n<p>El jurado de la VII edici\u00f3n de los Premios NAN Arquitectura 2013 estuvo compuesto por: Jordi Ludevid, Carlos Ferrater, Rafael de la Hoz, Carlos Lamela, Francisco Javier Maroto, C\u00e9sar Ruiz-Larrea, Ferm\u00edn V\u00e1zquez, Guillermo V\u00e1zquez Consuegra, Fuensanta Nieto, Ignacio Garc\u00eda de Vinuesa, Mark Fenwick, Enrique\u00a0\u00c1lvarez-Sala, Tom\u00e1s Llavador, Luis de Garrido, Gabriel Allende y Teresa Batlle. A\u00a0la presente\u00a0edici\u00f3n de los premios se presentaron 250 proyectos.<\/p>\n<p>Los ganadores del premio NAN de Rehabilitaci\u00f3n y Reforma en ediciones anteriores fueron el Centro C\u00edvico de Ferreries, de Arquitecturia (6a. edici\u00f3n, 2012), la Restauraci\u00f3n del Palacio de San Telmo en Sevilla, de Guillermo V\u00e1zquez Consuegra (5a. ed., 2011), y el Hospital do Mar en Lisboa, de Pine arq. (4a. ed., 2010).<\/p>\n<p>During the dinner held at Hotel Arts in Barcelona, Mag\u00e9n Arquitectos received the NAN Architectural Awards 2013 in the category dedicated to Renovation, because of the project Transformation of a palatial house in ruins in Cultural Centre\u00a0\u201cLyceum\u201d in Alca\u00f1iz.<\/p>\n<p>The jury of the 7th edition of NAN Architectural Awards was composed by: Jordi Ludevid, Carlos Ferrater, Rafael de la Hoz, Carlos Lamela, Francisco Javier Maroto, C\u00e9sar Ruiz-Larrea, Ferm\u00edn V\u00e1zquez, Guillermo V\u00e1zquez Consuegra, Fuensanta Nieto, Ignacio Garc\u00eda de Vinuesa, Mark Fenwick, Enrique\u00a0\u00c1lvarez-Sala, Tom\u00e1s Llavador, Luis de Garrido, Gabriel Allende y Teresa Batlle. 250 projects were presented this year.<\/p>\n<p>The winners of NAN Awards dedicated to Renovation in last years were Civic Centre in Ferreries, by Arquitecturia (6th edition, 2012), San Telmo Palace in Sevilla, by Guillermo V\u00e1zquez Consuegra (5th. ed., 2011), and Hospital do Mar in Lisboa, by Pine arq. (4th. ed., 2010).<\/p>\n<p>+info: <a href=\"http:\/\/www.nanconstruccion.es\" rel=\"nofollow noopener\" target=\"_blank\">www.nanconstruccion.es<\/a><\/p>\n<p>+info: <a href=\"http:\/\/magenarquitectos.com\/recuperacion-de-la-casa-julve-de-alcaniz-para-centro-cultural-y-escuela-de-musica\/\">Casa Julve (es)<\/a>, <a href=\"http:\/\/english.magenarquitectos.com\/transformation-of-a-palatial-house-in-ruins-in-cultural-centre-lyceum\/\">Casa Julve (en),<\/a><\/p>\n","protected":false},"excerpt":{"rendered":"<p>&nbsp; En la cena celebrada ayer en el Hotel Arts de Barcelona, Mag\u00e9n Arquitectos recibi\u00f3 el Premio NAN Arquitectura y Construcci\u00f3n 2013 en la categor\u00eda de\u00a0Reforma y Rehabilitaci\u00f3n, por la Recuperaci\u00f3n de la Casa Julve de Alca\u00f1iz para Centro Cultural y Escuela de M\u00fasica. El jurado de la VII edici\u00f3n de los Premios NAN Arquitectura [&hellip;]<\/p>\n","protected":false},"author":1,"featured_media":0,"comment_status":"open","ping_status":"open","sticky":false,"template":"","format":"standard","meta":{"_monsterinsights_skip_tracking":false,"_monsterinsights_sitenote_active":false,"_monsterinsights_sitenote_note":"","_monsterinsights_sitenote_category":0},"categories":[195,202,75,66,139,113],"tags":[133,115,62,80,70,93,94,105,74],"_links":{"self":[{"href":"https:\/\/magenarquitectos.com\/en\/wp-json\/wp\/v2\/posts\/7025"}],"collection":[{"href":"https:\/\/magenarquitectos.com\/en\/wp-json\/wp\/v2\/posts"}],"about":[{"href":"https:\/\/magenarquitectos.com\/en\/wp-json\/wp\/v2\/types\/post"}],"author":[{"embeddable":true,"href":"https:\/\/magenarquitectos.com\/en\/wp-json\/wp\/v2\/users\/1"}],"replies":[{"embeddable":true,"href":"https:\/\/magenarquitectos.com\/en\/wp-json\/wp\/v2\/comments?post=7025"}],"version-history":[{"count":1,"href":"https:\/\/magenarquitectos.com\/en\/wp-json\/wp\/v2\/posts\/7025\/revisions"}],"predecessor-version":[{"id":13104,"href":"https:\/\/magenarquitectos.com\/en\/wp-json\/wp\/v2\/posts\/7025\/revisions\/13104"}],"wp:attachment":[{"href":"https:\/\/magenarquitectos.com\/en\/wp-json\/wp\/v2\/media?parent=7025"}],"wp:term":[{"taxonomy":"category","embeddable":true,"href":"https:\/\/magenarquitectos.com\/en\/wp-json\/wp\/v2\/categories?post=7025"},{"taxonomy":"post_tag","embeddable":true,"href":"https:\/\/magenarquitectos.com\/en\/wp-json\/wp\/v2\/tags?post=7025"}],"curies":[{"name":"wp","href":"https:\/\/api.w.org\/{rel}","templated":true}]}}