{"id":7083,"date":"2014-01-14T09:17:37","date_gmt":"2014-01-14T09:17:37","guid":{"rendered":"http:\/\/magenarquitectos.wordpress.com\/?p=7083"},"modified":"2021-06-17T10:06:01","modified_gmt":"2021-06-17T10:06:01","slug":"modernidad-y-materia-local-fisac-en-canfranc-huesca-1959-1969","status":"publish","type":"post","link":"https:\/\/magenarquitectos.com\/en\/modernidad-y-materia-local-fisac-en-canfranc-huesca-1959-1969\/","title":{"rendered":"Modernidad y materia local: Fisac en Canfranc, Huesca (1959-1969)"},"content":{"rendered":"<p><a href=\"https:\/\/magenarquitectos.com\/wp-content\/uploads\/2021\/06\/imagen1.jpg\"><img loading=\"lazy\" class=\"size-full wp-image-8022 aligncenter\" src=\"https:\/\/magenarquitectos.com\/wp-content\/uploads\/2021\/06\/imagen1.jpg\" alt=\"imagen1\" width=\"406\" height=\"340\" title=\"\"><\/a><\/p>\n<p>&#8220;Los proyectos en el paisaje pirenaico de Canfranc, realizados entre 1959 y 1969,\u00a0constituyeron para Fisac una oportunidad de llevar a la pr\u00e1ctica las experiencias vitales y profesionales acumuladas hasta esos momentos, y constituyen un manifiesto construido de algunas cuestiones clave de su aproximaci\u00f3n al proyecto, desde la integraci\u00f3n del edificio en su entorno hasta la <i>humanizaci\u00f3n<\/i> de la arquitectura en el tratamiento de la luz, la escala\u00a0y los aspectos materiales. Esta doble atenci\u00f3n -a la empat\u00eda con el lugar y a la experiencia del\u00a0habitante-, puede entenderse como una ampliaci\u00f3n o <em>aclimataci\u00f3n<\/em> del racionalismo m\u00e1s estricto, que, precisamente por ignorar estos aspectos, fue criticado por el propio Fisac. Para \u00e9l, entender que la arquitectura est\u00e1 enraizada en un lugar, un clima y unas tradiciones era pr\u00e1cticamente un rasgo autobiogr\u00e1fico, debido a una doble influencia. En primer lugar, la que procede de\u00a0las vivencias\u00a0en\u00a0su paisaje\u00a0natal de La Mancha, cargado de resonancias horizontales, luz blanca y silencio. (&#8230;) En segundo lugar, la que se deriva de las experiencias acumuladas en los numerosos viajes que realiza. Entre otros, los destinos\u00a0visitados por\u00a0Fisac, antes o durante el periodo que abarca el presente estudio (1959-1969): Suiza, Francia, Suecia, Dinamarca y Holanda (1949), Alemania (1951), Extremo Oriente (1953), Suiza y Viena (1954), Viaje alrededor del mundo (Israel, Jap\u00f3n, Chicago, Los Angeles\u2026, 1955), Nueva York y M\u00e9xico (1962), Mosc\u00fa, Leningrado y Berl\u00edn (1967), Irlanda y Gran Breta\u00f1a (1968).(&#8230;)&#8221;<\/p>\n<p>Jaime Mag\u00e9n, TFM (extracto de la introducci\u00f3n), Diciembre 2013. Calificaci\u00f3n: Sobresaliente.<\/p>\n<p>M\u00e1ster en Teor\u00eda e Historia de la Arquitectura (MTH), Escuela T\u00e9cnica de Arquitectura de la Universidad de Navarra<\/p>\n<div><\/div>\n","protected":false},"excerpt":{"rendered":"<p>&#8220;Los proyectos en el paisaje pirenaico de Canfranc, realizados entre 1959 y 1969,\u00a0constituyeron para Fisac una oportunidad de llevar a la pr\u00e1ctica las experiencias vitales y profesionales acumuladas hasta esos momentos, y constituyen un manifiesto construido de algunas cuestiones clave de su aproximaci\u00f3n al proyecto, desde la integraci\u00f3n del edificio en su entorno hasta la [&hellip;]<\/p>\n","protected":false},"author":1,"featured_media":0,"comment_status":"open","ping_status":"open","sticky":false,"template":"","format":"standard","meta":{"_monsterinsights_skip_tracking":false,"_monsterinsights_sitenote_active":false,"_monsterinsights_sitenote_note":"","_monsterinsights_sitenote_category":0},"categories":[130,131],"tags":[115,207,85,74],"_links":{"self":[{"href":"https:\/\/magenarquitectos.com\/en\/wp-json\/wp\/v2\/posts\/7083"}],"collection":[{"href":"https:\/\/magenarquitectos.com\/en\/wp-json\/wp\/v2\/posts"}],"about":[{"href":"https:\/\/magenarquitectos.com\/en\/wp-json\/wp\/v2\/types\/post"}],"author":[{"embeddable":true,"href":"https:\/\/magenarquitectos.com\/en\/wp-json\/wp\/v2\/users\/1"}],"replies":[{"embeddable":true,"href":"https:\/\/magenarquitectos.com\/en\/wp-json\/wp\/v2\/comments?post=7083"}],"version-history":[{"count":1,"href":"https:\/\/magenarquitectos.com\/en\/wp-json\/wp\/v2\/posts\/7083\/revisions"}],"predecessor-version":[{"id":13079,"href":"https:\/\/magenarquitectos.com\/en\/wp-json\/wp\/v2\/posts\/7083\/revisions\/13079"}],"wp:attachment":[{"href":"https:\/\/magenarquitectos.com\/en\/wp-json\/wp\/v2\/media?parent=7083"}],"wp:term":[{"taxonomy":"category","embeddable":true,"href":"https:\/\/magenarquitectos.com\/en\/wp-json\/wp\/v2\/categories?post=7083"},{"taxonomy":"post_tag","embeddable":true,"href":"https:\/\/magenarquitectos.com\/en\/wp-json\/wp\/v2\/tags?post=7083"}],"curies":[{"name":"wp","href":"https:\/\/api.w.org\/{rel}","templated":true}]}}