{"id":7141,"date":"2013-12-28T18:16:07","date_gmt":"2013-12-28T18:16:07","guid":{"rendered":"http:\/\/magenarquitectos.wordpress.com\/?p=7141"},"modified":"2021-06-17T10:06:02","modified_gmt":"2021-06-17T10:06:02","slug":"la-arquitectura-de-aragon-gusta-en-italia","status":"publish","type":"post","link":"https:\/\/magenarquitectos.com\/en\/la-arquitectura-de-aragon-gusta-en-italia\/","title":{"rendered":"Hoy en El Peri\u00f3dico de Arag\u00f3n: &#8220;La Arquitectura de Arag\u00f3n gusta en Italia&#8221;"},"content":{"rendered":"<p><a href=\"https:\/\/magenarquitectos.com\/wp-content\/uploads\/2021\/06\/epa281220132.jpg\"><img loading=\"lazy\" class=\"size-full wp-image-8027 aligncenter\" src=\"https:\/\/magenarquitectos.com\/wp-content\/uploads\/2021\/06\/epa281220132.jpg\" alt=\"epa281220132\" width=\"528\" height=\"273\" title=\"\"><\/a><\/p>\n<p>28\/12\/2013, El Peri\u00f3dico de Arag\u00f3n.- <strong>La Arquitectura de Arag\u00f3n gusta en Italia<\/strong><\/p>\n<p>&#8220;Dos proyectos arquitect\u00f3nicos aragoneses, el Centro Ambiental del Ebro (de Mag\u00e9n Arquitectos) y el programa Estonoesunsolar (de Gr\u00e1valos&amp;di Monte), han sido seleccionados entre m\u00e1s de 400 obras por el Consejo Nacional de Arquitecos y Urbanistas de Italia como ejemplos de regeneraci\u00f3n arquitect\u00f3nica, medioambiental, energ\u00e9tica y social. Ambos trabajos se encuentran en Zaragoza&#8221;.<\/p>\n<p>+ info: <strong>RI.U.SO. 02 Rigenerazione Urbana Sostenibile:<\/strong> Contest for the Selection of Designs and Realizations for Sustainable Urban Regeneration, promoted by the National Board of Architects, Planners, Landscape Architects and Conservation Architects of Italy\u00a0(CNAPPC &#8211; Consiglio Nazionale Architetti, Pianificatori, Paesaggisti e Conservatori)<\/p>\n<p><a href=\"http:\/\/concorsi.awn.it\/riuso\/02\/home\" rel=\"nofollow noopener\" target=\"_blank\">http:\/\/concorsi.awn.it\/riuso\/02\/home<\/a><\/p>\n","protected":false},"excerpt":{"rendered":"<p>28\/12\/2013, El Peri\u00f3dico de Arag\u00f3n.- La Arquitectura de Arag\u00f3n gusta en Italia &#8220;Dos proyectos arquitect\u00f3nicos aragoneses, el Centro Ambiental del Ebro (de Mag\u00e9n Arquitectos) y el programa Estonoesunsolar (de Gr\u00e1valos&amp;di Monte), han sido seleccionados entre m\u00e1s de 400 obras por el Consejo Nacional de Arquitecos y Urbanistas de Italia como ejemplos de regeneraci\u00f3n arquitect\u00f3nica, medioambiental, [&hellip;]<\/p>\n","protected":false},"author":1,"featured_media":0,"comment_status":"open","ping_status":"open","sticky":false,"template":"","format":"standard","meta":{"_monsterinsights_skip_tracking":false,"_monsterinsights_sitenote_active":false,"_monsterinsights_sitenote_note":"","_monsterinsights_sitenote_category":0},"categories":[195,76,77,78,65,113,90,194],"tags":[115,79,80,81,82,83,74],"_links":{"self":[{"href":"https:\/\/magenarquitectos.com\/en\/wp-json\/wp\/v2\/posts\/7141"}],"collection":[{"href":"https:\/\/magenarquitectos.com\/en\/wp-json\/wp\/v2\/posts"}],"about":[{"href":"https:\/\/magenarquitectos.com\/en\/wp-json\/wp\/v2\/types\/post"}],"author":[{"embeddable":true,"href":"https:\/\/magenarquitectos.com\/en\/wp-json\/wp\/v2\/users\/1"}],"replies":[{"embeddable":true,"href":"https:\/\/magenarquitectos.com\/en\/wp-json\/wp\/v2\/comments?post=7141"}],"version-history":[{"count":1,"href":"https:\/\/magenarquitectos.com\/en\/wp-json\/wp\/v2\/posts\/7141\/revisions"}],"predecessor-version":[{"id":13085,"href":"https:\/\/magenarquitectos.com\/en\/wp-json\/wp\/v2\/posts\/7141\/revisions\/13085"}],"wp:attachment":[{"href":"https:\/\/magenarquitectos.com\/en\/wp-json\/wp\/v2\/media?parent=7141"}],"wp:term":[{"taxonomy":"category","embeddable":true,"href":"https:\/\/magenarquitectos.com\/en\/wp-json\/wp\/v2\/categories?post=7141"},{"taxonomy":"post_tag","embeddable":true,"href":"https:\/\/magenarquitectos.com\/en\/wp-json\/wp\/v2\/tags?post=7141"}],"curies":[{"name":"wp","href":"https:\/\/api.w.org\/{rel}","templated":true}]}}