{"id":7263,"date":"2014-03-01T10:37:38","date_gmt":"2014-03-01T10:37:38","guid":{"rendered":"http:\/\/magenarquitectos.wordpress.com\/?p=7263"},"modified":"2021-06-17T10:06:00","modified_gmt":"2021-06-17T10:06:00","slug":"ciclo-cine-y-arquitectura-coa-aragon-marzo-2014","status":"publish","type":"post","link":"https:\/\/magenarquitectos.com\/en\/ciclo-cine-y-arquitectura-coa-aragon-marzo-2014\/","title":{"rendered":"Ciclo Cine y Arquitectura, COA Arag\u00f3n Marzo 2014"},"content":{"rendered":"<p><a href=\"https:\/\/magenarquitectos.com\/wp-content\/uploads\/2021\/06\/cine_arq11.jpg\"><img loading=\"lazy\" class=\"size-full wp-image-7992 aligncenter\" src=\"https:\/\/magenarquitectos.com\/wp-content\/uploads\/2021\/06\/cine_arq11.jpg\" alt=\"cine_arq1\" width=\"640\" height=\"240\" title=\"\"><\/a><\/p>\n<p><!-- [if gte mso 9]&gt;--><\/p>\n<p>Ciclo de proyecciones de Cine y Arquitectura, los lunes en el Colegio de Arquitectos de Arag\u00f3n (Zaragoza), presentado por los arquitectos y profesores Jaime Mag\u00e9n, Fernando Bayo, Rai Bamb\u00f3, \u00c1ngel Comeras y Ricardo Marco. Fondos de la biblioteca FQ.<\/p>\n<p>Todas las sesiones ser\u00e1n los lunes a las 20h00. COAArag\u00f3n, San Voto 7, Zaragoza.<\/p>\n<p>Pr\u00f3xima proyecci\u00f3n:<\/p>\n<p><strong>03\/03: HERZOG &amp; DE MEURON EN CHINA: NIDO DE P\u00c1JAROS<\/strong><br \/>\nDirectores: Christoph Schaub y Michael Schindhelm, 2008<br \/>\nPRESENTACI\u00d3N: JAIME MAG\u00c9N<\/p>\n<p>+ info: http:\/\/scalae.net\/noticia\/cinegoza<\/p>\n<p>http:\/\/culturadz.org\/?p=1574<\/p>\n","protected":false},"excerpt":{"rendered":"<p>Ciclo de proyecciones de Cine y Arquitectura, los lunes en el Colegio de Arquitectos de Arag\u00f3n (Zaragoza), presentado por los arquitectos y profesores Jaime Mag\u00e9n, Fernando Bayo, Rai Bamb\u00f3, \u00c1ngel Comeras y Ricardo Marco. Fondos de la biblioteca FQ. Todas las sesiones ser\u00e1n los lunes a las 20h00. COAArag\u00f3n, San Voto 7, Zaragoza. Pr\u00f3xima proyecci\u00f3n: [&hellip;]<\/p>\n","protected":false},"author":1,"featured_media":0,"comment_status":"open","ping_status":"open","sticky":false,"template":"","format":"standard","meta":{"_monsterinsights_skip_tracking":false,"_monsterinsights_sitenote_active":false,"_monsterinsights_sitenote_note":"","_monsterinsights_sitenote_category":0},"categories":[196],"tags":[],"_links":{"self":[{"href":"https:\/\/magenarquitectos.com\/en\/wp-json\/wp\/v2\/posts\/7263"}],"collection":[{"href":"https:\/\/magenarquitectos.com\/en\/wp-json\/wp\/v2\/posts"}],"about":[{"href":"https:\/\/magenarquitectos.com\/en\/wp-json\/wp\/v2\/types\/post"}],"author":[{"embeddable":true,"href":"https:\/\/magenarquitectos.com\/en\/wp-json\/wp\/v2\/users\/1"}],"replies":[{"embeddable":true,"href":"https:\/\/magenarquitectos.com\/en\/wp-json\/wp\/v2\/comments?post=7263"}],"version-history":[{"count":1,"href":"https:\/\/magenarquitectos.com\/en\/wp-json\/wp\/v2\/posts\/7263\/revisions"}],"predecessor-version":[{"id":13048,"href":"https:\/\/magenarquitectos.com\/en\/wp-json\/wp\/v2\/posts\/7263\/revisions\/13048"}],"wp:attachment":[{"href":"https:\/\/magenarquitectos.com\/en\/wp-json\/wp\/v2\/media?parent=7263"}],"wp:term":[{"taxonomy":"category","embeddable":true,"href":"https:\/\/magenarquitectos.com\/en\/wp-json\/wp\/v2\/categories?post=7263"},{"taxonomy":"post_tag","embeddable":true,"href":"https:\/\/magenarquitectos.com\/en\/wp-json\/wp\/v2\/tags?post=7263"}],"curies":[{"name":"wp","href":"https:\/\/api.w.org\/{rel}","templated":true}]}}