{"id":7614,"date":"2014-03-26T12:04:15","date_gmt":"2014-03-26T12:04:15","guid":{"rendered":"http:\/\/magenarquitectos.wordpress.com\/?p=7614"},"modified":"2021-06-17T10:05:58","modified_gmt":"2021-06-17T10:05:58","slug":"nominado-al-premio-al-mejor-proyecto-de-oficinas-ait-award","status":"publish","type":"post","link":"https:\/\/magenarquitectos.com\/en\/nominado-al-premio-al-mejor-proyecto-de-oficinas-ait-award\/","title":{"rendered":"Nominados al Premio Internacional AIT Award 2014 al mejor Edificio Administrativo!"},"content":{"rendered":"<p><a href=\"https:\/\/magenarquitectos.com\/wp-content\/uploads\/2021\/06\/logo-ait1.jpg\"><img loading=\"lazy\" class=\"size-full wp-image-7983 aligncenter\" src=\"https:\/\/magenarquitectos.com\/wp-content\/uploads\/2021\/06\/logo-ait1.jpg\" alt=\"AIT Award 2014_Press release after Jury.pdf\" width=\"660\" height=\"256\" title=\"\"><\/a><br \/>\nLos Premios Internacionales AIT-Award, organizados por la prestigiosa revista alemana especializada en Arquitectura, Interiorismo y Tecnolog\u00eda AIT (Architektur-Innerarhitektur-Tecnischer ausbau), reconocen los mejores proyectos en la Arquitectura y el Interiorismo realizados en los \u00faltimos dos a\u00f1os en todo el mundo. Un total de <strong>573 proyectos de 31 pa\u00edses<\/strong> fueron presentados en esta edici\u00f3n y, posteriormente, un jurado internacional decidi\u00f3 los proyectos nominados en cada categor\u00eda, entre los que se elegir\u00e1 al ganador final. Los proyectos nominados proceden en esta edici\u00f3n de Alemania, Austria, B\u00e9lgica, Dinamarca, Eslovenia, Espa\u00f1a, Holanda, Italia, Jap\u00f3n, Portugal, Reino Unido y Suiza.<\/p>\n<p>La sede de la<strong> Comarca del Bajo Mart\u00edn, en H\u00edjar (Teruel), de Mag\u00e9n Arquitectos<\/strong>, ha sido\u00a0galardonada en la categor\u00eda de Oficinas y Edificios Administrativos.\u00a0 El resultado final se desvelar\u00e1 en la entrega de premios que tendr\u00e1 lugar en Frankfurt el pr\u00f3ximo 2 de abril, a la que est\u00e1n invitados los proyectos que han obtenido uno de los tres primeros premios o una menci\u00f3n especial del jurado.<\/p>\n<p>Entre los nominados en las diferentes categor\u00edas por tipolog\u00edas se encuentran tambi\u00e9n otros cinco estudios espa\u00f1oles: Nieto-Sobejano, RCR (Aranda Pigem Villalta), MGM (Morales-de Giles), b720 (Ferm\u00edn V\u00e1zquez) y\u00a0Rold\u00e1n+Berengu\u00e9.<\/p>\n<p>AIT international awards, organized by German architectural publication AIT, to look for, find and acknowledge the best architecture and most outstanding interior design projects in Europe, America, Asia and all\u00a0 other regions of the world. A total of <strong>573 projects from 31 countries<\/strong> have been submitted this year. An international jury selected the best projects and decided which ones are to be honoured with an award or distinction. This year, the award-winners come from Belgium, Germany, Denmark, Great Britain, Italy, Japan, the Netherlands, Austria, Portugal, Switzerland, Slovenia, and Spain.<\/p>\n<p><strong>Bajo Martin County HQ in Hijar (Teruel), by Magen Arquitectos<\/strong>, is nominated as one of the best buildings of offices. Other Spanish architectural offices has been also nominated in other categories: RCR Arquitectes, b720, Rold\u00e1n+Berengu\u00e9, MGM and Nieto-Sobejano. The prizes will be announced on 2nd April 2014 in Frankfurt.<\/p>\n<p><a href=\"http:\/\/magenarquitectos.files.wordpress.com\/2014\/03\/ait-award-en.pdf\" rel=\"nofollow noopener\" target=\"_blank\">AIT-Award-EN<\/a><\/p>\n<p><a href=\"http:\/\/magenarquitectos.files.wordpress.com\/2014\/03\/ait-award2014_nominations_eng_20140325.pdf\" rel=\"nofollow noopener\" target=\"_blank\">AIT-Award2014_Nominations_ENG_20140325<\/a><\/p>\n<p>+info: <a href=\"http:\/\/www.ait-award.com\/en\/competition\/2014\/prize-winning-ceremony.html\" target=\"_blank\" rel=\"noopener nofollow\">http:\/\/www.ait-award.com\/en\/competition\/2014\/prize-winning-ceremony.html<\/a><\/p>\n<p>+info: <a href=\"http:\/\/magenarquitectos.wordpress.com\/sede-de-la-comarca-del-bajo-martin-hijar-teruel\/\" rel=\"nofollow noopener\" target=\"_blank\">Sede de la Comarca del Bajo Martin<\/a>, <a href=\"http:\/\/magenarquitectos.wordpress.com\/bajo-martin-county-seat-hijar-teruel\/\" rel=\"nofollow noopener\" target=\"_blank\">Bajo Martin County Seat<\/a><\/p>\n<p>&nbsp;<\/p>\n","protected":false},"excerpt":{"rendered":"<p>Los Premios Internacionales AIT-Award, organizados por la prestigiosa revista alemana especializada en Arquitectura, Interiorismo y Tecnolog\u00eda AIT (Architektur-Innerarhitektur-Tecnischer ausbau), reconocen los mejores proyectos en la Arquitectura y el Interiorismo realizados en los \u00faltimos dos a\u00f1os en todo el mundo. Un total de 573 proyectos de 31 pa\u00edses fueron presentados en esta edici\u00f3n y, posteriormente, un [&hellip;]<\/p>\n","protected":false},"author":1,"featured_media":0,"comment_status":"open","ping_status":"open","sticky":false,"template":"","format":"standard","meta":{"_monsterinsights_skip_tracking":false,"_monsterinsights_sitenote_active":false,"_monsterinsights_sitenote_note":"","_monsterinsights_sitenote_category":0},"categories":[195,77,65,113],"tags":[100,101,115,62,102,103,104,105,74],"_links":{"self":[{"href":"https:\/\/magenarquitectos.com\/en\/wp-json\/wp\/v2\/posts\/7614"}],"collection":[{"href":"https:\/\/magenarquitectos.com\/en\/wp-json\/wp\/v2\/posts"}],"about":[{"href":"https:\/\/magenarquitectos.com\/en\/wp-json\/wp\/v2\/types\/post"}],"author":[{"embeddable":true,"href":"https:\/\/magenarquitectos.com\/en\/wp-json\/wp\/v2\/users\/1"}],"replies":[{"embeddable":true,"href":"https:\/\/magenarquitectos.com\/en\/wp-json\/wp\/v2\/comments?post=7614"}],"version-history":[{"count":1,"href":"https:\/\/magenarquitectos.com\/en\/wp-json\/wp\/v2\/posts\/7614\/revisions"}],"predecessor-version":[{"id":13029,"href":"https:\/\/magenarquitectos.com\/en\/wp-json\/wp\/v2\/posts\/7614\/revisions\/13029"}],"wp:attachment":[{"href":"https:\/\/magenarquitectos.com\/en\/wp-json\/wp\/v2\/media?parent=7614"}],"wp:term":[{"taxonomy":"category","embeddable":true,"href":"https:\/\/magenarquitectos.com\/en\/wp-json\/wp\/v2\/categories?post=7614"},{"taxonomy":"post_tag","embeddable":true,"href":"https:\/\/magenarquitectos.com\/en\/wp-json\/wp\/v2\/tags?post=7614"}],"curies":[{"name":"wp","href":"https:\/\/api.w.org\/{rel}","templated":true}]}}