{"id":7663,"date":"2014-04-01T09:40:47","date_gmt":"2014-04-01T09:40:47","guid":{"rendered":"http:\/\/magenarquitectos.wordpress.com\/?p=7663"},"modified":"2021-06-17T10:05:58","modified_gmt":"2021-06-17T10:05:58","slug":"estudiantes-de-las-universidades-de-navarra-y-cardiff-visitan-el-centro-ambiental-del-ebro","status":"publish","type":"post","link":"https:\/\/magenarquitectos.com\/en\/estudiantes-de-las-universidades-de-navarra-y-cardiff-visitan-el-centro-ambiental-del-ebro\/","title":{"rendered":"Estudiantes de las Universidades de Navarra y Cardiff visitan el Centro Ambiental del Ebro"},"content":{"rendered":"<p>Dentro de las actividades de la Semana Internacional de la Sostenibilidad que organiza el M\u00e1ster en Dise\u00f1o y Gesti\u00f3n Ambiental de Edificios (MDGAE) de la Universidad de Navarra, estudiantes de las Universidades de Navarra y Cardiff visitaron la semana pasada el Centro Ambiental del Ebro en Zaragoza.<\/p>\n<p>As part of the activities programmed in the International Week on Sustainability organized by Master&#8217;s Degree in Environmental Design and Management of Buildings (MDGAE) of University of Navarra, students from the Universities of Navarra and Cardiff visited last week the Ebro Environmental Centre in Zaragoza.<\/p>\n<p><a href=\"https:\/\/magenarquitectos.com\/wp-content\/uploads\/2021\/06\/mdgae_magen_011.jpg\"><img loading=\"lazy\" class=\"size-full wp-image-7979 aligncenter\" src=\"https:\/\/magenarquitectos.com\/wp-content\/uploads\/2021\/06\/mdgae_magen_011.jpg\" alt=\"mdgae_magen_01\" width=\"660\" height=\"493\" title=\"\"><\/a><\/p>\n<p><a href=\"https:\/\/magenarquitectos.com\/wp-content\/uploads\/2021\/06\/mdgae_magen_021.jpg\"><img loading=\"lazy\" class=\"size-full wp-image-7980 aligncenter\" src=\"https:\/\/magenarquitectos.com\/wp-content\/uploads\/2021\/06\/mdgae_magen_021.jpg\" alt=\"mdgae_magen_02\" width=\"660\" height=\"493\" title=\"\"><\/a><\/p>\n","protected":false},"excerpt":{"rendered":"<p>Dentro de las actividades de la Semana Internacional de la Sostenibilidad que organiza el M\u00e1ster en Dise\u00f1o y Gesti\u00f3n Ambiental de Edificios (MDGAE) de la Universidad de Navarra, estudiantes de las Universidades de Navarra y Cardiff visitaron la semana pasada el Centro Ambiental del Ebro en Zaragoza. As part of the activities programmed in the [&hellip;]<\/p>\n","protected":false},"author":1,"featured_media":0,"comment_status":"open","ping_status":"open","sticky":false,"template":"","format":"standard","meta":{"_monsterinsights_skip_tracking":false,"_monsterinsights_sitenote_active":false,"_monsterinsights_sitenote_note":"","_monsterinsights_sitenote_category":0},"categories":[76,164,78,65,66,165],"tags":[115,79,80,81,82,83,74],"_links":{"self":[{"href":"https:\/\/magenarquitectos.com\/en\/wp-json\/wp\/v2\/posts\/7663"}],"collection":[{"href":"https:\/\/magenarquitectos.com\/en\/wp-json\/wp\/v2\/posts"}],"about":[{"href":"https:\/\/magenarquitectos.com\/en\/wp-json\/wp\/v2\/types\/post"}],"author":[{"embeddable":true,"href":"https:\/\/magenarquitectos.com\/en\/wp-json\/wp\/v2\/users\/1"}],"replies":[{"embeddable":true,"href":"https:\/\/magenarquitectos.com\/en\/wp-json\/wp\/v2\/comments?post=7663"}],"version-history":[{"count":1,"href":"https:\/\/magenarquitectos.com\/en\/wp-json\/wp\/v2\/posts\/7663\/revisions"}],"predecessor-version":[{"id":13026,"href":"https:\/\/magenarquitectos.com\/en\/wp-json\/wp\/v2\/posts\/7663\/revisions\/13026"}],"wp:attachment":[{"href":"https:\/\/magenarquitectos.com\/en\/wp-json\/wp\/v2\/media?parent=7663"}],"wp:term":[{"taxonomy":"category","embeddable":true,"href":"https:\/\/magenarquitectos.com\/en\/wp-json\/wp\/v2\/categories?post=7663"},{"taxonomy":"post_tag","embeddable":true,"href":"https:\/\/magenarquitectos.com\/en\/wp-json\/wp\/v2\/tags?post=7663"}],"curies":[{"name":"wp","href":"https:\/\/api.w.org\/{rel}","templated":true}]}}