{"id":7756,"date":"2014-04-07T19:21:03","date_gmt":"2014-04-07T19:21:03","guid":{"rendered":"http:\/\/magenarquitectos.wordpress.com\/?p=7756"},"modified":"2021-06-17T10:05:58","modified_gmt":"2021-06-17T10:05:58","slug":"ait-award-2014-special-mention","status":"publish","type":"post","link":"https:\/\/magenarquitectos.com\/en\/ait-award-2014-special-mention\/","title":{"rendered":"AIT Award 2014. Special Mention"},"content":{"rendered":"<p><a href=\"https:\/\/magenarquitectos.com\/wp-content\/uploads\/2021\/06\/bkogym9imaaq9wt1.jpg\"><img loading=\"lazy\" class=\"size-full wp-image-7976 aligncenter\" src=\"https:\/\/magenarquitectos.com\/wp-content\/uploads\/2021\/06\/bkogym9imaaq9wt1.jpg\" alt=\"Magen Arquitectos Zaragoza\" width=\"660\" height=\"495\" title=\"\"><\/a><\/p>\n<p>En la ceremonia de entrega del premio AIT AWARD 2014 -organizado por la Architektur Innenarchitektur Technischer Ausbau de Hamburgo-, que tuvo lugar el pasado d\u00eda 2 de Abril en Frankfurt, la Sede de la Comarca del Bajo Mart\u00edn en H\u00edjar (Teruel)\u00a0recibi\u00f3 una Menci\u00f3n Especial en la categor\u00eda de Edificios de Oficinas y Administrativos.<\/p>\n<p>Muchas gracias al jurado formado por Jacob van Rijs, (MVRDV, Rotterdam, NL), Roger Riewe (Riegler Riewe Architekten, Graz, AT), y Stefan Marte (Marte.Marte Architekten, Weiler, AT), entre otros.<\/p>\n<p>A\u00a0la presente\u00a0edici\u00f3n de los premios\u00a0AIT Awards, que\u00a0reconocen los mejores proyectos en la Arquitectura y el Interiorismo realizados en los \u00faltimos dos a\u00f1os en todo el mundo, se presentaron 573 proyectos, de 31 pa\u00edses distintos.<\/p>\n<p><span id=\"result_box\" lang=\"en\"><span class=\"hps\">The<\/span> AIT Award 2014 <span class=\"hps\">ceremony<\/span>, <span class=\"hps\">organized<\/span> <span class=\"hps\">by<\/span> <span class=\"hps\">Architektur<\/span> <span class=\"hps\">Innenarchitektur<\/span> <span class=\"hps\">Technischer<\/span> <span class=\"hps\">Ausbau<\/span> <span class=\"hps\">of<\/span> <span class=\"hps\">Hamburg<\/span>, which <span class=\"hps\">took place on<\/span> <span class=\"hps\">April 2<\/span> <span class=\"hps\">in<\/span> <span class=\"hps\">Frankfurt<\/span>, <span class=\"hps\">Bajo<\/span> <span class=\"hps\">Martin County Seat in<\/span> <span class=\"hps\">Hijar<\/span> <span class=\"hps atn\">(<\/span>Teruel) received a Special <span class=\"hps\">Mention<\/span> <span class=\"hps\">in the category of<\/span> <span class=\"hps\">Office<\/span> <span class=\"hps\">and Administrative<\/span> <span class=\"hps\">Buildings<\/span>.<\/span><\/p>\n<p><span class=\"hps\">Thank you very much<\/span> <span class=\"hps\">to the<\/span> <span class=\"hps\">jury<\/span> <span class=\"hps\">by<\/span> <span class=\"hps\">Jacob<\/span> <span class=\"hps\">van<\/span> <span class=\"hps\">Rijs<\/span> <span class=\"hps atn\">(<\/span>MVRDV, Rotterdam, NL), Roger <span class=\"hps\">Riewe<\/span> <span class=\"hps atn\">(<\/span>Riegler <span class=\"hps\">Riewe<\/span> <span class=\"hps\">Architekten,<\/span> <span class=\"hps\">Graz,<\/span> <span class=\"hps\">AT)<\/span>, <span class=\"hps\">and<\/span> <span class=\"hps\">Stefan<\/span> <span class=\"hps\">Marte<\/span> <span class=\"hps atn\">(<\/span>Marte.Marte <span class=\"hps\">Architekten,<\/span> <span class=\"hps\">Weiler<\/span>, AT), among others.<\/p>\n<p><span class=\"hps\">In<\/span> <span class=\"hps\">this edition<\/span> <span class=\"hps\">of the awards<\/span> <span class=\"hps\">AIT<\/span> <span class=\"hps\">Awards,<\/span> <span class=\"hps\">which recognize the best<\/span> <span class=\"hps\">projects<\/span> <span class=\"hps\">in Architecture<\/span> <span class=\"hps\">and<\/span> <span class=\"hps\">Interior<\/span> <span class=\"hps\">made \u200b\u200bin<\/span> <span class=\"hps\">the last two<\/span> <span class=\"hps\">years around the<\/span> <span class=\"hps\">world,<\/span> <span class=\"hps\">573<\/span> <span class=\"hps\">projects from<\/span> <span class=\"hps\">31 countries<\/span> <span class=\"hps\">were presented.<\/span><\/p>\n<p>&nbsp;<\/p>\n","protected":false},"excerpt":{"rendered":"<p>En la ceremonia de entrega del premio AIT AWARD 2014 -organizado por la Architektur Innenarchitektur Technischer Ausbau de Hamburgo-, que tuvo lugar el pasado d\u00eda 2 de Abril en Frankfurt, la Sede de la Comarca del Bajo Mart\u00edn en H\u00edjar (Teruel)\u00a0recibi\u00f3 una Menci\u00f3n Especial en la categor\u00eda de Edificios de Oficinas y Administrativos. Muchas gracias [&hellip;]<\/p>\n","protected":false},"author":1,"featured_media":0,"comment_status":"open","ping_status":"open","sticky":false,"template":"","format":"standard","meta":{"_monsterinsights_skip_tracking":false,"_monsterinsights_sitenote_active":false,"_monsterinsights_sitenote_note":"","_monsterinsights_sitenote_category":0},"categories":[195,202,75,77,65,66,69,113,117],"tags":[100,101,115,62,102,103,70,104,105,74],"_links":{"self":[{"href":"https:\/\/magenarquitectos.com\/en\/wp-json\/wp\/v2\/posts\/7756"}],"collection":[{"href":"https:\/\/magenarquitectos.com\/en\/wp-json\/wp\/v2\/posts"}],"about":[{"href":"https:\/\/magenarquitectos.com\/en\/wp-json\/wp\/v2\/types\/post"}],"author":[{"embeddable":true,"href":"https:\/\/magenarquitectos.com\/en\/wp-json\/wp\/v2\/users\/1"}],"replies":[{"embeddable":true,"href":"https:\/\/magenarquitectos.com\/en\/wp-json\/wp\/v2\/comments?post=7756"}],"version-history":[{"count":1,"href":"https:\/\/magenarquitectos.com\/en\/wp-json\/wp\/v2\/posts\/7756\/revisions"}],"predecessor-version":[{"id":13021,"href":"https:\/\/magenarquitectos.com\/en\/wp-json\/wp\/v2\/posts\/7756\/revisions\/13021"}],"wp:attachment":[{"href":"https:\/\/magenarquitectos.com\/en\/wp-json\/wp\/v2\/media?parent=7756"}],"wp:term":[{"taxonomy":"category","embeddable":true,"href":"https:\/\/magenarquitectos.com\/en\/wp-json\/wp\/v2\/categories?post=7756"},{"taxonomy":"post_tag","embeddable":true,"href":"https:\/\/magenarquitectos.com\/en\/wp-json\/wp\/v2\/tags?post=7756"}],"curies":[{"name":"wp","href":"https:\/\/api.w.org\/{rel}","templated":true}]}}