{"id":7829,"date":"2014-07-25T10:55:03","date_gmt":"2014-07-25T08:55:03","guid":{"rendered":"http:\/\/blog.magenarquitectos.com\/?p=7829"},"modified":"2021-06-17T10:05:57","modified_gmt":"2021-06-17T10:05:57","slug":"el-cei-valdespartera-seleccionado-en-los-vi-premios-enor","status":"publish","type":"post","link":"https:\/\/magenarquitectos.com\/en\/el-cei-valdespartera-seleccionado-en-los-vi-premios-enor\/","title":{"rendered":"El CEI Valdespartera, seleccionado en los VI Premios ENOR"},"content":{"rendered":"<p><a href=\"https:\/\/magenarquitectos.com\/wp-content\/uploads\/2021\/06\/enor_2014_01.jpg\"><img loading=\"lazy\" class=\"size-full wp-image-7959 aligncenter\" src=\"https:\/\/magenarquitectos.com\/wp-content\/uploads\/2021\/06\/enor_2014_01.jpg\" alt=\"enor_2014_01\" width=\"660\" height=\"440\" title=\"\"><\/a><\/p>\n<p><a href=\"https:\/\/magenarquitectos.com\/wp-content\/uploads\/2021\/06\/pg422_2bn.jpg\"><img loading=\"lazy\" class=\"alignnone size-full wp-image-7960\" src=\"https:\/\/magenarquitectos.com\/wp-content\/uploads\/2021\/06\/pg422_2bn.jpg\" alt=\"pg422_2bn\" width=\"660\" height=\"483\" title=\"\"><\/a><\/p>\n<p>El Centro de Educaci\u00f3n Infantil Valdespartera ha sido uno de los Proyectos Seleccionados en los VI Premios de Arquitectura ENOR, de entre las 305 obras presentadas.<\/p>\n<p>El jurado estaba formado por Eduardo Souto de Moura, Carlos Quint\u00e1ns, Juan Domingo Santos, Fredy Massad, Luis Mart\u00ednez Santa-Mar\u00eda y Juan Creus.<\/p>\n<p>Kindergarten Valdespartera is one of the Selected Projects in VI ENOR Architectural Awards. 305 projects were presented.<\/p>\n<p>The Jury was composed by Eduardo Souto de Moura, Carlos Quintans, Juan Domingo Santos, Fredy Massad, Luis Martinez Santa-Maria y Juan Creus.<\/p>\n<p>+ info: <a href=\"http:\/\/magenarquitectos.com\/centro-de-educacion-infantil-en-la-ecociudad-valdespartera\/\">Escuela Infantil Valdespartera,<\/a> <a href=\"http:\/\/english.magenarquitectos.com\/kindergarten-valdespartera\/\">Kindergarten Valdespartera<\/a><\/p>\n","protected":false},"excerpt":{"rendered":"<p>El Centro de Educaci\u00f3n Infantil Valdespartera ha sido uno de los Proyectos Seleccionados en los VI Premios de Arquitectura ENOR, de entre las 305 obras presentadas. El jurado estaba formado por Eduardo Souto de Moura, Carlos Quint\u00e1ns, Juan Domingo Santos, Fredy Massad, Luis Mart\u00ednez Santa-Mar\u00eda y Juan Creus. Kindergarten Valdespartera is one of the Selected [&hellip;]<\/p>\n","protected":false},"author":1,"featured_media":0,"comment_status":"open","ping_status":"open","sticky":false,"template":"","format":"standard","meta":{"_monsterinsights_skip_tracking":false,"_monsterinsights_sitenote_active":false,"_monsterinsights_sitenote_note":"","_monsterinsights_sitenote_category":0},"categories":[195,65,139,113],"tags":[115,134,80,141,142,215,74],"_links":{"self":[{"href":"https:\/\/magenarquitectos.com\/en\/wp-json\/wp\/v2\/posts\/7829"}],"collection":[{"href":"https:\/\/magenarquitectos.com\/en\/wp-json\/wp\/v2\/posts"}],"about":[{"href":"https:\/\/magenarquitectos.com\/en\/wp-json\/wp\/v2\/types\/post"}],"author":[{"embeddable":true,"href":"https:\/\/magenarquitectos.com\/en\/wp-json\/wp\/v2\/users\/1"}],"replies":[{"embeddable":true,"href":"https:\/\/magenarquitectos.com\/en\/wp-json\/wp\/v2\/comments?post=7829"}],"version-history":[{"count":1,"href":"https:\/\/magenarquitectos.com\/en\/wp-json\/wp\/v2\/posts\/7829\/revisions"}],"predecessor-version":[{"id":13003,"href":"https:\/\/magenarquitectos.com\/en\/wp-json\/wp\/v2\/posts\/7829\/revisions\/13003"}],"wp:attachment":[{"href":"https:\/\/magenarquitectos.com\/en\/wp-json\/wp\/v2\/media?parent=7829"}],"wp:term":[{"taxonomy":"category","embeddable":true,"href":"https:\/\/magenarquitectos.com\/en\/wp-json\/wp\/v2\/categories?post=7829"},{"taxonomy":"post_tag","embeddable":true,"href":"https:\/\/magenarquitectos.com\/en\/wp-json\/wp\/v2\/tags?post=7829"}],"curies":[{"name":"wp","href":"https:\/\/api.w.org\/{rel}","templated":true}]}}